{"id":241,"date":"2026-02-28T15:33:00","date_gmt":"2026-02-28T15:33:00","guid":{"rendered":"https:\/\/marado.hu\/?p=241"},"modified":"2026-04-30T17:43:37","modified_gmt":"2026-04-30T17:43:37","slug":"igy-kezdodott-minden","status":"publish","type":"post","link":"https:\/\/marado.hu\/en\/igy-kezdodott-minden\/","title":{"rendered":"\u00cdgy kezd\u0151d\u00f6tt minden"},"content":{"rendered":"<figure class=\"wp-block-video\"><\/figure>\n\n\n\n<h2 class=\"wp-block-heading\"><em>A piros bl\u00faz esete<\/em><\/h2>\n\n\n\n<figure class=\"wp-block-gallery has-nested-images columns-default is-cropped wp-block-gallery-1 is-layout-flex wp-block-gallery-is-layout-flex\">\n<figure class=\"wp-block-image size-large\"><img loading=\"lazy\" decoding=\"async\" width=\"768\" height=\"1024\" data-id=\"297\" src=\"https:\/\/marado.hu\/wp-content\/uploads\/2026\/02\/IMG_9666-1-768x1024.jpg\" alt=\"\" class=\"wp-image-297\" srcset=\"https:\/\/marado.hu\/wp-content\/uploads\/2026\/02\/IMG_9666-1-768x1024.jpg 768w, https:\/\/marado.hu\/wp-content\/uploads\/2026\/02\/IMG_9666-1-scaled-600x800.jpg 600w, https:\/\/marado.hu\/wp-content\/uploads\/2026\/02\/IMG_9666-1-225x300.jpg 225w, https:\/\/marado.hu\/wp-content\/uploads\/2026\/02\/IMG_9666-1-1152x1536.jpg 1152w, https:\/\/marado.hu\/wp-content\/uploads\/2026\/02\/IMG_9666-1-1536x2048.jpg 1536w, https:\/\/marado.hu\/wp-content\/uploads\/2026\/02\/IMG_9666-1-1140x1520.jpg 1140w, https:\/\/marado.hu\/wp-content\/uploads\/2026\/02\/IMG_9666-1-scaled.jpg 1920w\" sizes=\"auto, (max-width: 768px) 100vw, 768px\" \/><\/figure>\n\n\n\n<figure class=\"wp-block-image size-large\"><img loading=\"lazy\" decoding=\"async\" width=\"768\" height=\"1024\" data-id=\"295\" src=\"https:\/\/marado.hu\/wp-content\/uploads\/2026\/02\/IMG_9663-1-768x1024.jpg\" alt=\"\" class=\"wp-image-295\" srcset=\"https:\/\/marado.hu\/wp-content\/uploads\/2026\/02\/IMG_9663-1-768x1024.jpg 768w, https:\/\/marado.hu\/wp-content\/uploads\/2026\/02\/IMG_9663-1-scaled-600x800.jpg 600w, https:\/\/marado.hu\/wp-content\/uploads\/2026\/02\/IMG_9663-1-225x300.jpg 225w, https:\/\/marado.hu\/wp-content\/uploads\/2026\/02\/IMG_9663-1-1152x1536.jpg 1152w, https:\/\/marado.hu\/wp-content\/uploads\/2026\/02\/IMG_9663-1-1536x2048.jpg 1536w, https:\/\/marado.hu\/wp-content\/uploads\/2026\/02\/IMG_9663-1-1140x1520.jpg 1140w, https:\/\/marado.hu\/wp-content\/uploads\/2026\/02\/IMG_9663-1-scaled.jpg 1920w\" sizes=\"auto, (max-width: 768px) 100vw, 768px\" \/><\/figure>\n\n\n\n<figure class=\"wp-block-image size-large\"><img loading=\"lazy\" decoding=\"async\" width=\"768\" height=\"1024\" data-id=\"296\" src=\"https:\/\/marado.hu\/wp-content\/uploads\/2026\/02\/IMG_9664-1-768x1024.jpg\" alt=\"\" class=\"wp-image-296\" srcset=\"https:\/\/marado.hu\/wp-content\/uploads\/2026\/02\/IMG_9664-1-768x1024.jpg 768w, https:\/\/marado.hu\/wp-content\/uploads\/2026\/02\/IMG_9664-1-scaled-600x800.jpg 600w, https:\/\/marado.hu\/wp-content\/uploads\/2026\/02\/IMG_9664-1-225x300.jpg 225w, https:\/\/marado.hu\/wp-content\/uploads\/2026\/02\/IMG_9664-1-1152x1536.jpg 1152w, https:\/\/marado.hu\/wp-content\/uploads\/2026\/02\/IMG_9664-1-1536x2048.jpg 1536w, https:\/\/marado.hu\/wp-content\/uploads\/2026\/02\/IMG_9664-1-1140x1520.jpg 1140w, https:\/\/marado.hu\/wp-content\/uploads\/2026\/02\/IMG_9664-1-scaled.jpg 1920w\" sizes=\"auto, (max-width: 768px) 100vw, 768px\" \/><\/figure>\n<\/figure>\n\n\n\n<p class=\"wp-block-paragraph\">Volt egy piros bl\u00fazom. Asszimetrikus, fodros, visszafogott, bord\u00f3ba hajl\u00f3 \u00e1rnyalat\u00fa, r\u00f6videbb fazon\u00fa. A t\u00f6k\u00e9letes darab egy egyetemista l\u00e1nynak. Viselhettem vacsor\u00e1kon, bulikban, de ha \u00fagy tartotta kedvem, csak egyszer\u0171 h\u00e9tk\u00f6znapokon is, amikor nem volt k\u00fcl\u00f6n\u00f6sebb dolgom. Mindig sz\u00e1m\u00edthattam r\u00e1.<\/p>\n\n\n\n<p class=\"wp-block-paragraph\">Tal\u00e1n az\u00e9rt is szerettem ennyire, mert r\u00e9g\u00f3ta tetszett. Egy outlet \u00fczletben l\u00e1ttam meg. P\u00e1r hete m\u00e1r n\u00e9zegettem, de mivel semmi sz\u00fcks\u00e9gem nem volt r\u00e1, \u00edgy nem v\u00e1s\u00e1roltam meg, ellent\u00e9tben egy nadr\u00e1ggal, ugynebb\u0151l az \u00fczletb\u0151l. Sajnos, vagy mondhatni szerencs\u00e9re, a nadr\u00e1g nem b\u00edrta sok\u00e1ig &#8211; p\u00e1rszor volt rajtam \u00e9s vissza kellett vinnem, mivel kezdett sz\u00e9tszakadni. Nos, ennek az \u00e1r\u00e1b\u00f3l vettem meg a piros bl\u00fazt. Amit az\u00f3ta sem b\u00e1nok!<\/p>\n\n\n\n<p class=\"wp-block-paragraph\">Azt\u00e1n \u00e9desanya lettem. A piros bl\u00faz m\u00e9g mindig ott l\u00f3gott a szekr\u00e9nyemben, de ritk\u00e1bban ker\u00fclt el\u0151. Egy h\u0171v\u00f6sebb, de napos ny\u00e1ri d\u00e9lel\u0151tt\u00f6n \u00fay d\u00f6nt\u00f6ttem, ez lesz a t\u00f6k\u00e9letes v\u00e1laszt\u00e1s, amikor s\u00e9t\u00e1lni megy\u00fcnk a bar\u00e1tn\u0151immel. V\u00e9d a napt\u00f3l, de j\u00f3l szell\u0151zik &#8211; \u00e9s csinos is. N\u00e9ha sz\u00edvesen \u00f6lt\u00f6zk\u00f6d\u00f6m csinosabb darabokba egy egyszer\u0171 s\u00e9t\u00e1hoz is. Egyszer\u0171en az\u00e9rt, mert \u00edgy \u00e9rzem j\u00f3l magamat. De ez volt az els\u0151 olyn alkalom, amikor nem \u00e9reztem j\u00f3l magam a piros bl\u00fazban. Levetettem \u00e9s visszaakasztottam a szekr\u00e9nybe. Felvettem valami m\u00e1st, \u00e9s elindultunk. <\/p>\n\n\n\n<p class=\"wp-block-paragraph\">Azt\u00e1n teltek, m\u00faltak a hetek, a h\u00f3napok. Sz\u00e1mtalan alkalmam lett volna r\u00e1, hogy felvegyem a piros bl\u00fazt, de valahogy sosem ezt v\u00e1lasztottam. V\u00e9g\u00fcl az egyik alkalommal kiszedtem a szekr\u00e9nyb\u0151l \u00e9s \u00f6sszehajtogattam. Eltettem azok a ruh\u00e1k k\u00f6z\u00e9, amit m\u00e1r nem szeretn\u00e9k viselni. Akkor \u00e9rtettem meg, hogy a mi k\u00f6z\u00f6s t\u00f6rt\u00e9net\u00fcnk v\u00e9get \u00e9rt. Sz\u00e9p volt, sok\u00e1ig tartott. Sz\u00e1mtalan eml\u00e9ket k\u00f6t\u00f6k ehhez a bl\u00fazhoz, sz\u00e1mtalan \u00f6ssze\u00e1ll\u00edt\u00e1sban \u00e9s \u00e9lethelyzetben. Szerettem, ahogy egyszer\u0171en eleg\u00e1nsabbnak \u00e9reztem benne magamat, amikor sima farmerrel \u00e9s v\u00e1szoncip\u0151vel hordtam, \u00e9s azt is amikor eleg\u00e1ns szokny\u00e1val \u00e9s ballonkab\u00e1ttal, vagy farmerszokny\u00e1val \u00e9s Birkenstock papuccsal. Ezernyi arca volt \u00e9s mindet szerettem. De tudtam, hogy ha m\u00e9g \u00e9vekig \u0151rizgetem is, val\u00f3sz\u00edn\u0171leg sosem fogom felvenni. De sajn\u00e1ltam volna kidobni. Nagyon szerettem. \u00c9s a t\u00f6rt\u00e9net\u00e9t is. Nem szerettem volna, hogy an\u00e9lk\u00fcl elt\u0171nj\u00f6n, hogy nyoma lett volna. Sokat gondolkoztam azon, hogy hogyan \u0151rizhetn\u00e9m meg az eml\u00e9k\u00e9t, an\u00e9lk\u00fcl, hogy a szekr\u00e9nyben pakolgatn\u00e1m a bl\u00fazt. <\/p>\n\n\n\n<p class=\"wp-block-paragraph\">V\u00e9g\u00fcl eld\u00f6nt\u00f6ttem, hogy meg\u00edrom a t\u00f6rt\u00e9net\u00e9t. \u00c9s ez ind\u00edtott el ezen az \u00faton. \u00cdgy indult el a marad\u00f3.<\/p>\n\n\n\n<p class=\"wp-block-paragraph\">A piros bl\u00faz \u00e9s a saj\u00e1t t\u00f6rt\u00e9netem motiv\u00e1lt arra, hogy megosszam a ruh\u00e1k t\u00f6rt\u00e9net\u00e9t \u00e9s seg\u00edtsek nekik \u00faj tulajdonosra tal\u00e1lni, akik szeretettel viselik \u0151ket tov\u00e1bb. Mert hiszem, hogy minden ruh\u00e1nak t\u00f6rt\u00e9nete van. \u00c9s ennek a t\u00f6rt\u00e9netnek nem kell egyetlen emberhez k\u00f6t\u0151dnie. A ruhat\u00e1runk \u00e9s a st\u00edlusunk term\u00e9szetes m\u00f3don v\u00e1ltozik, ahogyan mi magunk is v\u00e1ltozunk, form\u00e1l\u00f3dunk az \u00e9let\u00fcnk sor\u00e1n. De van, ami \u00f6r\u00f6k. A t\u00f6rt\u00e9net\u00fcnk. Aminek a ruh\u00e1ink is r\u00e9szesei.<\/p>\n\n\n\n<p class=\"wp-block-paragraph\"><\/p>\n\n\n\n<p class=\"wp-block-paragraph\">A marad\u00f3. webshopja hamarosan indul, addig is k\u00f6vess minket, hogy ne maradj le a leg\u00fajabb h\u00edreinkr\u0151l \u00e9s l\u00e9gy r\u00e9szese Te is egy \u00e1lom megval\u00f3sul\u00e1s\u00e1nak!<\/p>\n\n\n\n<ul class=\"wp-block-social-links is-layout-flex wp-block-social-links-is-layout-flex\">\n\n<li class=\"wp-social-link wp-social-link-facebook wp-block-social-link\"><a href=\"https:\/\/www.facebook.com\/profile.php?id=61583774536538\" class=\"wp-block-social-link-anchor\"><svg width=\"24\" height=\"24\" viewbox=\"0 0 24 24\" version=\"1.1\" xmlns=\"http:\/\/www.w3.org\/2000\/svg\" aria-hidden=\"true\" focusable=\"false\"><path d=\"M12 2C6.5 2 2 6.5 2 12c0 5 3.7 9.1 8.4 9.9v-7H7.9V12h2.5V9.8c0-2.5 1.5-3.9 3.8-3.9 1.1 0 2.2.2 2.2.2v2.5h-1.3c-1.2 0-1.6.8-1.6 1.6V12h2.8l-.4 2.9h-2.3v7C18.3 21.1 22 17 22 12c0-5.5-4.5-10-10-10z\"><\/path><\/svg><span class=\"wp-block-social-link-label screen-reader-text\">Facebook<\/span><\/a><\/li>\n\n\n\n<li class=\"wp-social-link wp-social-link-instagram wp-block-social-link\"><a href=\"https:\/\/www.instagram.com\/maradostyle?igsh=c2s2azk0ZzV6ZWRt&#038;utm_source=qr\" class=\"wp-block-social-link-anchor\"><svg width=\"24\" height=\"24\" viewbox=\"0 0 24 24\" version=\"1.1\" xmlns=\"http:\/\/www.w3.org\/2000\/svg\" aria-hidden=\"true\" focusable=\"false\"><path d=\"M12,4.622c2.403,0,2.688,0.009,3.637,0.052c0.877,0.04,1.354,0.187,1.671,0.31c0.42,0.163,0.72,0.358,1.035,0.673 c0.315,0.315,0.51,0.615,0.673,1.035c0.123,0.317,0.27,0.794,0.31,1.671c0.043,0.949,0.052,1.234,0.052,3.637 s-0.009,2.688-0.052,3.637c-0.04,0.877-0.187,1.354-0.31,1.671c-0.163,0.42-0.358,0.72-0.673,1.035 c-0.315,0.315-0.615,0.51-1.035,0.673c-0.317,0.123-0.794,0.27-1.671,0.31c-0.949,0.043-1.233,0.052-3.637,0.052 s-2.688-0.009-3.637-0.052c-0.877-0.04-1.354-0.187-1.671-0.31c-0.42-0.163-0.72-0.358-1.035-0.673 c-0.315-0.315-0.51-0.615-0.673-1.035c-0.123-0.317-0.27-0.794-0.31-1.671C4.631,14.688,4.622,14.403,4.622,12 s0.009-2.688,0.052-3.637c0.04-0.877,0.187-1.354,0.31-1.671c0.163-0.42,0.358-0.72,0.673-1.035 c0.315-0.315,0.615-0.51,1.035-0.673c0.317-0.123,0.794-0.27,1.671-0.31C9.312,4.631,9.597,4.622,12,4.622 M12,3 C9.556,3,9.249,3.01,8.289,3.054C7.331,3.098,6.677,3.25,6.105,3.472C5.513,3.702,5.011,4.01,4.511,4.511 c-0.5,0.5-0.808,1.002-1.038,1.594C3.25,6.677,3.098,7.331,3.054,8.289C3.01,9.249,3,9.556,3,12c0,2.444,0.01,2.751,0.054,3.711 c0.044,0.958,0.196,1.612,0.418,2.185c0.23,0.592,0.538,1.094,1.038,1.594c0.5,0.5,1.002,0.808,1.594,1.038 c0.572,0.222,1.227,0.375,2.185,0.418C9.249,20.99,9.556,21,12,21s2.751-0.01,3.711-0.054c0.958-0.044,1.612-0.196,2.185-0.418 c0.592-0.23,1.094-0.538,1.594-1.038c0.5-0.5,0.808-1.002,1.038-1.594c0.222-0.572,0.375-1.227,0.418-2.185 C20.99,14.751,21,14.444,21,12s-0.01-2.751-0.054-3.711c-0.044-0.958-0.196-1.612-0.418-2.185c-0.23-0.592-0.538-1.094-1.038-1.594 c-0.5-0.5-1.002-0.808-1.594-1.038c-0.572-0.222-1.227-0.375-2.185-0.418C14.751,3.01,14.444,3,12,3L12,3z M12,7.378 c-2.552,0-4.622,2.069-4.622,4.622S9.448,16.622,12,16.622s4.622-2.069,4.622-4.622S14.552,7.378,12,7.378z M12,15 c-1.657,0-3-1.343-3-3s1.343-3,3-3s3,1.343,3,3S13.657,15,12,15z M16.804,6.116c-0.596,0-1.08,0.484-1.08,1.08 s0.484,1.08,1.08,1.08c0.596,0,1.08-0.484,1.08-1.08S17.401,6.116,16.804,6.116z\"><\/path><\/svg><span class=\"wp-block-social-link-label screen-reader-text\">Instagram<\/span><\/a><\/li>\n\n<li class=\"wp-social-link wp-social-link-pinterest wp-block-social-link\"><a href=\"https:\/\/pin.it\/70cxpmDcf\" class=\"wp-block-social-link-anchor\"><svg width=\"24\" height=\"24\" viewbox=\"0 0 24 24\" version=\"1.1\" xmlns=\"http:\/\/www.w3.org\/2000\/svg\" aria-hidden=\"true\" focusable=\"false\"><path d=\"M12.289,2C6.617,2,3.606,5.648,3.606,9.622c0,1.846,1.025,4.146,2.666,4.878c0.25,0.111,0.381,0.063,0.439-0.169 c0.044-0.175,0.267-1.029,0.365-1.428c0.032-0.128,0.017-0.237-0.091-0.362C6.445,11.911,6.01,10.75,6.01,9.668 c0-2.777,2.194-5.464,5.933-5.464c3.23,0,5.49,2.108,5.49,5.122c0,3.407-1.794,5.768-4.13,5.768c-1.291,0-2.257-1.021-1.948-2.277 c0.372-1.495,1.089-3.112,1.089-4.191c0-0.967-0.542-1.775-1.663-1.775c-1.319,0-2.379,1.309-2.379,3.059 c0,1.115,0.394,1.869,0.394,1.869s-1.302,5.279-1.54,6.261c-0.405,1.666,0.053,4.368,0.094,4.604 c0.021,0.126,0.167,0.169,0.25,0.063c0.129-0.165,1.699-2.419,2.142-4.051c0.158-0.59,0.817-2.995,0.817-2.995 c0.43,0.784,1.681,1.446,3.013,1.446c3.963,0,6.822-3.494,6.822-7.833C20.394,5.112,16.849,2,12.289,2\"><\/path><\/svg><span class=\"wp-block-social-link-label screen-reader-text\">Pinterest<\/span><\/a><\/li><\/ul>\n\n\n\n<p class=\"wp-block-paragraph\"><\/p>","protected":false},"excerpt":{"rendered":"<p>A piros bl\u00faz esete Volt egy piros bl\u00fazom. Asszimetrikus, fodros, visszafogott, bord\u00f3ba hajl\u00f3 \u00e1rnyalat\u00fa, r\u00f6videbb fazon\u00fa. A t\u00f6k\u00e9letes darab egy egyetemista l\u00e1nynak. Viselhettem vacsor\u00e1kon, bulikban, de ha \u00fagy tartotta kedvem, csak egyszer\u0171 h\u00e9tk\u00f6znapokon is, amikor nem volt k\u00fcl\u00f6n\u00f6sebb dolgom. Mindig sz\u00e1m\u00edthattam r\u00e1. Tal\u00e1n az\u00e9rt is szerettem ennyire, mert r\u00e9g\u00f3ta tetszett. Egy outlet \u00fczletben l\u00e1ttam meg. P\u00e1r hete m\u00e1r n\u00e9zegettem, de mivel semmi sz\u00fcks\u00e9gem nem volt r\u00e1, \u00edgy nem v\u00e1s\u00e1roltam meg, ellent\u00e9tben egy nadr\u00e1ggal, ugynebb\u0151l az \u00fczletb\u0151l. Sajnos, vagy mondhatni szerencs\u00e9re, a nadr\u00e1g nem b\u00edrta sok\u00e1ig &#8211; p\u00e1rszor volt rajtam \u00e9s vissza kellett vinnem, mivel kezdett sz\u00e9tszakadni. Nos, ennek az \u00e1r\u00e1b\u00f3l vettem meg a piros bl\u00fazt. Amit az\u00f3ta sem b\u00e1nok! Azt\u00e1n \u00e9desanya lettem. A piros bl\u00faz m\u00e9g mindig ott l\u00f3gott a szekr\u00e9nyemben, de ritk\u00e1bban ker\u00fclt el\u0151. Egy h\u0171v\u00f6sebb, de napos ny\u00e1ri d\u00e9lel\u0151tt\u00f6n \u00fay d\u00f6nt\u00f6ttem, ez lesz a t\u00f6k\u00e9letes v\u00e1laszt\u00e1s, amikor s\u00e9t\u00e1lni megy\u00fcnk a bar\u00e1tn\u0151immel. V\u00e9d a napt\u00f3l, de j\u00f3l szell\u0151zik &#8211; \u00e9s csinos is. N\u00e9ha sz\u00edvesen \u00f6lt\u00f6zk\u00f6d\u00f6m csinosabb darabokba egy egyszer\u0171 s\u00e9t\u00e1hoz is. Egyszer\u0171en az\u00e9rt, mert \u00edgy \u00e9rzem j\u00f3l magamat. De ez volt az els\u0151 olyn alkalom, amikor nem \u00e9reztem j\u00f3l magam a piros bl\u00fazban. Levetettem \u00e9s visszaakasztottam a szekr\u00e9nybe. Felvettem valami m\u00e1st, \u00e9s elindultunk. Azt\u00e1n teltek, m\u00faltak a hetek, a h\u00f3napok. Sz\u00e1mtalan alkalmam lett volna r\u00e1, hogy felvegyem a piros bl\u00fazt, de valahogy sosem ezt v\u00e1lasztottam. V\u00e9g\u00fcl az egyik alkalommal kiszedtem a szekr\u00e9nyb\u0151l \u00e9s \u00f6sszehajtogattam. Eltettem azok a ruh\u00e1k k\u00f6z\u00e9, amit m\u00e1r nem szeretn\u00e9k viselni. Akkor \u00e9rtettem meg, hogy a mi k\u00f6z\u00f6s t\u00f6rt\u00e9net\u00fcnk v\u00e9get \u00e9rt. Sz\u00e9p volt, sok\u00e1ig tartott. Sz\u00e1mtalan eml\u00e9ket k\u00f6t\u00f6k ehhez a bl\u00fazhoz, sz\u00e1mtalan \u00f6ssze\u00e1ll\u00edt\u00e1sban \u00e9s \u00e9lethelyzetben. Szerettem, ahogy egyszer\u0171en eleg\u00e1nsabbnak \u00e9reztem benne magamat, amikor sima farmerrel \u00e9s v\u00e1szoncip\u0151vel hordtam, \u00e9s azt is amikor eleg\u00e1ns szokny\u00e1val \u00e9s ballonkab\u00e1ttal, vagy farmerszokny\u00e1val \u00e9s Birkenstock papuccsal. Ezernyi arca volt \u00e9s mindet szerettem. De tudtam, hogy ha m\u00e9g \u00e9vekig \u0151rizgetem is, val\u00f3sz\u00edn\u0171leg sosem fogom felvenni. De sajn\u00e1ltam volna kidobni. Nagyon szerettem. \u00c9s a t\u00f6rt\u00e9net\u00e9t is. Nem szerettem volna, hogy an\u00e9lk\u00fcl elt\u0171nj\u00f6n, hogy nyoma lett volna. Sokat gondolkoztam azon, hogy hogyan \u0151rizhetn\u00e9m meg az eml\u00e9k\u00e9t, an\u00e9lk\u00fcl, hogy a szekr\u00e9nyben pakolgatn\u00e1m a bl\u00fazt. V\u00e9g\u00fcl eld\u00f6nt\u00f6ttem, hogy meg\u00edrom a t\u00f6rt\u00e9net\u00e9t. \u00c9s ez ind\u00edtott el ezen az \u00faton. \u00cdgy indult el a marad\u00f3. A piros bl\u00faz \u00e9s a saj\u00e1t t\u00f6rt\u00e9netem motiv\u00e1lt arra, hogy megosszam a ruh\u00e1k t\u00f6rt\u00e9net\u00e9t \u00e9s seg\u00edtsek nekik \u00faj tulajdonosra tal\u00e1lni, akik szeretettel viselik \u0151ket tov\u00e1bb. Mert hiszem, hogy minden ruh\u00e1nak t\u00f6rt\u00e9nete van. \u00c9s ennek a t\u00f6rt\u00e9netnek nem kell egyetlen emberhez k\u00f6t\u0151dnie. A ruhat\u00e1runk \u00e9s a st\u00edlusunk term\u00e9szetes m\u00f3don v\u00e1ltozik, ahogyan mi magunk is v\u00e1ltozunk, form\u00e1l\u00f3dunk az \u00e9let\u00fcnk sor\u00e1n. De van, ami \u00f6r\u00f6k. A t\u00f6rt\u00e9net\u00fcnk. Aminek a ruh\u00e1ink is r\u00e9szesei. A marad\u00f3. webshopja hamarosan indul, addig is k\u00f6vess minket, hogy ne maradj le a leg\u00fajabb h\u00edreinkr\u0151l \u00e9s l\u00e9gy r\u00e9szese Te is egy \u00e1lom megval\u00f3sul\u00e1s\u00e1nak!<\/p>","protected":false},"author":1,"featured_media":0,"comment_status":"closed","ping_status":"closed","sticky":false,"template":"","format":"standard","meta":{"_jetpack_newsletter_access":"","_jetpack_dont_email_post_to_subs":false,"_jetpack_newsletter_tier_id":0,"_jetpack_memberships_contains_paywalled_content":false,"_jetpack_feature_clip_id":0,"_jetpack_memberships_contains_paid_content":false,"footnotes":"","jetpack_post_was_ever_published":false},"categories":[535,1],"tags":[47,59,55,57,61,49,51,53],"class_list":["post-241","post","type-post","status-publish","format-standard","hentry","category-elegans-ruhak","category-inspiracio","tag-blog","tag-bluz","tag-marado","tag-piros","tag-preloved","tag-shop","tag-tortenet","tag-tortenetesen"],"yoast_head":"<!-- This site is optimized with the Yoast SEO plugin v28.4 - https:\/\/yoast.com\/product\/yoast-seo-wordpress\/ -->\n<title>\u00cdgy kezd\u0151d\u00f6tt minden | marad\u00f3.<\/title>\n<meta name=\"description\" content=\"\u00cdgy kezd\u0151d\u00f6tt minden | marad\u00f3.\" \/>\n<meta name=\"robots\" content=\"index, follow, max-snippet:-1, max-image-preview:large, max-video-preview:-1\" \/>\n<link rel=\"canonical\" href=\"https:\/\/marado.hu\/en\/igy-kezdodott-minden\/\" \/>\n<meta property=\"og:locale\" content=\"en_US\" \/>\n<meta property=\"og:type\" content=\"article\" \/>\n<meta property=\"og:title\" content=\"\u00cdgy kezd\u0151d\u00f6tt minden | marad\u00f3.\" \/>\n<meta property=\"og:description\" content=\"\u00cdgy kezd\u0151d\u00f6tt minden | marad\u00f3.\" \/>\n<meta property=\"og:url\" content=\"https:\/\/marado.hu\/en\/igy-kezdodott-minden\/\" \/>\n<meta property=\"og:site_name\" content=\"marad\u00f3.\" \/>\n<meta property=\"article:publisher\" content=\"https:\/\/www.facebook.com\/profile.php?id=61583774536538\" \/>\n<meta property=\"article:published_time\" content=\"2026-02-28T15:33:00+00:00\" \/>\n<meta property=\"article:modified_time\" content=\"2026-04-30T17:43:37+00:00\" \/>\n<meta property=\"og:image\" content=\"https:\/\/marado.hu\/wp-content\/uploads\/2026\/02\/IMG_9666-1-768x1024.jpg\" \/>\n<meta name=\"author\" content=\"adminMarado\" \/>\n<meta name=\"twitter:card\" content=\"summary_large_image\" \/>\n<meta name=\"twitter:label1\" content=\"Written by\" \/>\n\t<meta name=\"twitter:data1\" content=\"adminMarado\" \/>\n\t<meta name=\"twitter:label2\" content=\"Est. reading time\" \/>\n\t<meta name=\"twitter:data2\" content=\"3 minutes\" \/>\n<script type=\"application\/ld+json\" class=\"yoast-schema-graph\">{\"@context\":\"https:\\\/\\\/schema.org\",\"@graph\":[{\"@type\":\"Article\",\"@id\":\"https:\\\/\\\/marado.hu\\\/igy-kezdodott-minden\\\/#article\",\"isPartOf\":{\"@id\":\"https:\\\/\\\/marado.hu\\\/igy-kezdodott-minden\\\/\"},\"author\":{\"name\":\"adminMarado\",\"@id\":\"https:\\\/\\\/marado.hu\\\/#\\\/schema\\\/person\\\/2e4bb3fc7e673b4ad9b16953c9457762\"},\"headline\":\"\u00cdgy kezd\u0151d\u00f6tt minden\",\"datePublished\":\"2026-02-28T15:33:00+00:00\",\"dateModified\":\"2026-04-30T17:43:37+00:00\",\"mainEntityOfPage\":{\"@id\":\"https:\\\/\\\/marado.hu\\\/igy-kezdodott-minden\\\/\"},\"wordCount\":656,\"publisher\":{\"@id\":\"https:\\\/\\\/marado.hu\\\/#organization\"},\"image\":{\"@id\":\"https:\\\/\\\/marado.hu\\\/igy-kezdodott-minden\\\/#primaryimage\"},\"thumbnailUrl\":\"https:\\\/\\\/marado.hu\\\/wp-content\\\/uploads\\\/2026\\\/02\\\/IMG_9666-1-768x1024.jpg\",\"keywords\":[\"blog\",\"bl\u00faz\",\"marad\u00f3\",\"piros\",\"preloved\",\"shop\",\"t\u00f6rt\u00e9net\",\"t\u00f6rt\u00e9netesen\"],\"articleSection\":[\"Eleg\u00e1ns ruh\u00e1k\",\"Inspir\u00e1ci\u00f3\"],\"inLanguage\":\"en-US\"},{\"@type\":\"WebPage\",\"@id\":\"https:\\\/\\\/marado.hu\\\/igy-kezdodott-minden\\\/\",\"url\":\"https:\\\/\\\/marado.hu\\\/igy-kezdodott-minden\\\/\",\"name\":\"\u00cdgy kezd\u0151d\u00f6tt minden | marad\u00f3.\",\"isPartOf\":{\"@id\":\"https:\\\/\\\/marado.hu\\\/#website\"},\"primaryImageOfPage\":{\"@id\":\"https:\\\/\\\/marado.hu\\\/igy-kezdodott-minden\\\/#primaryimage\"},\"image\":{\"@id\":\"https:\\\/\\\/marado.hu\\\/igy-kezdodott-minden\\\/#primaryimage\"},\"thumbnailUrl\":\"https:\\\/\\\/marado.hu\\\/wp-content\\\/uploads\\\/2026\\\/02\\\/IMG_9666-1-768x1024.jpg\",\"datePublished\":\"2026-02-28T15:33:00+00:00\",\"dateModified\":\"2026-04-30T17:43:37+00:00\",\"description\":\"\u00cdgy kezd\u0151d\u00f6tt minden | marad\u00f3.\",\"breadcrumb\":{\"@id\":\"https:\\\/\\\/marado.hu\\\/igy-kezdodott-minden\\\/#breadcrumb\"},\"inLanguage\":\"en-US\",\"potentialAction\":[{\"@type\":\"ReadAction\",\"target\":[\"https:\\\/\\\/marado.hu\\\/igy-kezdodott-minden\\\/\"]}]},{\"@type\":\"ImageObject\",\"inLanguage\":\"en-US\",\"@id\":\"https:\\\/\\\/marado.hu\\\/igy-kezdodott-minden\\\/#primaryimage\",\"url\":\"https:\\\/\\\/marado.hu\\\/wp-content\\\/uploads\\\/2026\\\/02\\\/IMG_9666-1-768x1024.jpg\",\"contentUrl\":\"https:\\\/\\\/marado.hu\\\/wp-content\\\/uploads\\\/2026\\\/02\\\/IMG_9666-1-768x1024.jpg\"},{\"@type\":\"BreadcrumbList\",\"@id\":\"https:\\\/\\\/marado.hu\\\/igy-kezdodott-minden\\\/#breadcrumb\",\"itemListElement\":[{\"@type\":\"ListItem\",\"position\":1,\"name\":\"Kezd\u0151lap\",\"item\":\"https:\\\/\\\/marado.hu\\\/\"},{\"@type\":\"ListItem\",\"position\":2,\"name\":\"\u00cdgy kezd\u0151d\u00f6tt minden\"}]},{\"@type\":\"WebSite\",\"@id\":\"https:\\\/\\\/marado.hu\\\/#website\",\"url\":\"https:\\\/\\\/marado.hu\\\/\",\"name\":\"marad\u00f3.\",\"description\":\"marad\u00f3. | mert van, ami \u00f6r\u00f6k\",\"publisher\":{\"@id\":\"https:\\\/\\\/marado.hu\\\/#organization\"},\"potentialAction\":[{\"@type\":\"SearchAction\",\"target\":{\"@type\":\"EntryPoint\",\"urlTemplate\":\"https:\\\/\\\/marado.hu\\\/?s={search_term_string}\"},\"query-input\":{\"@type\":\"PropertyValueSpecification\",\"valueRequired\":true,\"valueName\":\"search_term_string\"}}],\"inLanguage\":\"en-US\"},{\"@type\":\"Organization\",\"@id\":\"https:\\\/\\\/marado.hu\\\/#organization\",\"name\":\"marad\u00f3.\",\"url\":\"https:\\\/\\\/marado.hu\\\/\",\"logo\":{\"@type\":\"ImageObject\",\"inLanguage\":\"en-US\",\"@id\":\"https:\\\/\\\/marado.hu\\\/#\\\/schema\\\/logo\\\/image\\\/\",\"url\":\"https:\\\/\\\/marado.hu\\\/wp-content\\\/uploads\\\/2026\\\/02\\\/2.png\",\"contentUrl\":\"https:\\\/\\\/marado.hu\\\/wp-content\\\/uploads\\\/2026\\\/02\\\/2.png\",\"width\":2000,\"height\":2000,\"caption\":\"marad\u00f3.\"},\"image\":{\"@id\":\"https:\\\/\\\/marado.hu\\\/#\\\/schema\\\/logo\\\/image\\\/\"},\"sameAs\":[\"https:\\\/\\\/www.facebook.com\\\/profile.php?id=61583774536538\",\"https:\\\/\\\/pinterest.com\\\/maradostyle\",\"https:\\\/\\\/instagram.com\\\/maradostyle\"]},{\"@type\":\"Person\",\"@id\":\"https:\\\/\\\/marado.hu\\\/#\\\/schema\\\/person\\\/2e4bb3fc7e673b4ad9b16953c9457762\",\"name\":\"adminMarado\",\"sameAs\":[\"https:\\\/\\\/marado.hu\"],\"url\":\"https:\\\/\\\/marado.hu\\\/en\\\/author\\\/adminmarado\\\/\"}]}<\/script>\n<!-- \/ Yoast SEO plugin. -->","yoast_head_json":{"title":"\u00cdgy kezd\u0151d\u00f6tt minden | marad\u00f3.","description":"\u00cdgy kezd\u0151d\u00f6tt minden | marad\u00f3.","robots":{"index":"index","follow":"follow","max-snippet":"max-snippet:-1","max-image-preview":"max-image-preview:large","max-video-preview":"max-video-preview:-1"},"canonical":"https:\/\/marado.hu\/en\/igy-kezdodott-minden\/","og_locale":"en_US","og_type":"article","og_title":"\u00cdgy kezd\u0151d\u00f6tt minden | marad\u00f3.","og_description":"\u00cdgy kezd\u0151d\u00f6tt minden | marad\u00f3.","og_url":"https:\/\/marado.hu\/en\/igy-kezdodott-minden\/","og_site_name":"marad\u00f3.","article_publisher":"https:\/\/www.facebook.com\/profile.php?id=61583774536538","article_published_time":"2026-02-28T15:33:00+00:00","article_modified_time":"2026-04-30T17:43:37+00:00","og_image":[{"url":"https:\/\/marado.hu\/wp-content\/uploads\/2026\/02\/IMG_9666-1-768x1024.jpg","type":"","width":"","height":""}],"author":"adminMarado","twitter_card":"summary_large_image","twitter_misc":{"Written by":"adminMarado","Est. reading time":"3 minutes"},"schema":{"@context":"https:\/\/schema.org","@graph":[{"@type":"Article","@id":"https:\/\/marado.hu\/igy-kezdodott-minden\/#article","isPartOf":{"@id":"https:\/\/marado.hu\/igy-kezdodott-minden\/"},"author":{"name":"adminMarado","@id":"https:\/\/marado.hu\/#\/schema\/person\/2e4bb3fc7e673b4ad9b16953c9457762"},"headline":"\u00cdgy kezd\u0151d\u00f6tt minden","datePublished":"2026-02-28T15:33:00+00:00","dateModified":"2026-04-30T17:43:37+00:00","mainEntityOfPage":{"@id":"https:\/\/marado.hu\/igy-kezdodott-minden\/"},"wordCount":656,"publisher":{"@id":"https:\/\/marado.hu\/#organization"},"image":{"@id":"https:\/\/marado.hu\/igy-kezdodott-minden\/#primaryimage"},"thumbnailUrl":"https:\/\/marado.hu\/wp-content\/uploads\/2026\/02\/IMG_9666-1-768x1024.jpg","keywords":["blog","bl\u00faz","marad\u00f3","piros","preloved","shop","t\u00f6rt\u00e9net","t\u00f6rt\u00e9netesen"],"articleSection":["Eleg\u00e1ns ruh\u00e1k","Inspir\u00e1ci\u00f3"],"inLanguage":"en-US"},{"@type":"WebPage","@id":"https:\/\/marado.hu\/igy-kezdodott-minden\/","url":"https:\/\/marado.hu\/igy-kezdodott-minden\/","name":"\u00cdgy kezd\u0151d\u00f6tt minden | marad\u00f3.","isPartOf":{"@id":"https:\/\/marado.hu\/#website"},"primaryImageOfPage":{"@id":"https:\/\/marado.hu\/igy-kezdodott-minden\/#primaryimage"},"image":{"@id":"https:\/\/marado.hu\/igy-kezdodott-minden\/#primaryimage"},"thumbnailUrl":"https:\/\/marado.hu\/wp-content\/uploads\/2026\/02\/IMG_9666-1-768x1024.jpg","datePublished":"2026-02-28T15:33:00+00:00","dateModified":"2026-04-30T17:43:37+00:00","description":"\u00cdgy kezd\u0151d\u00f6tt minden | marad\u00f3.","breadcrumb":{"@id":"https:\/\/marado.hu\/igy-kezdodott-minden\/#breadcrumb"},"inLanguage":"en-US","potentialAction":[{"@type":"ReadAction","target":["https:\/\/marado.hu\/igy-kezdodott-minden\/"]}]},{"@type":"ImageObject","inLanguage":"en-US","@id":"https:\/\/marado.hu\/igy-kezdodott-minden\/#primaryimage","url":"https:\/\/marado.hu\/wp-content\/uploads\/2026\/02\/IMG_9666-1-768x1024.jpg","contentUrl":"https:\/\/marado.hu\/wp-content\/uploads\/2026\/02\/IMG_9666-1-768x1024.jpg"},{"@type":"BreadcrumbList","@id":"https:\/\/marado.hu\/igy-kezdodott-minden\/#breadcrumb","itemListElement":[{"@type":"ListItem","position":1,"name":"Kezd\u0151lap","item":"https:\/\/marado.hu\/"},{"@type":"ListItem","position":2,"name":"\u00cdgy kezd\u0151d\u00f6tt minden"}]},{"@type":"WebSite","@id":"https:\/\/marado.hu\/#website","url":"https:\/\/marado.hu\/","name":"marad\u00f3.","description":"marad\u00f3. | some things are eternal","publisher":{"@id":"https:\/\/marado.hu\/#organization"},"potentialAction":[{"@type":"SearchAction","target":{"@type":"EntryPoint","urlTemplate":"https:\/\/marado.hu\/?s={search_term_string}"},"query-input":{"@type":"PropertyValueSpecification","valueRequired":true,"valueName":"search_term_string"}}],"inLanguage":"en-US"},{"@type":"Organization","@id":"https:\/\/marado.hu\/#organization","name":"marad\u00f3.","url":"https:\/\/marado.hu\/","logo":{"@type":"ImageObject","inLanguage":"en-US","@id":"https:\/\/marado.hu\/#\/schema\/logo\/image\/","url":"https:\/\/marado.hu\/wp-content\/uploads\/2026\/02\/2.png","contentUrl":"https:\/\/marado.hu\/wp-content\/uploads\/2026\/02\/2.png","width":2000,"height":2000,"caption":"marad\u00f3."},"image":{"@id":"https:\/\/marado.hu\/#\/schema\/logo\/image\/"},"sameAs":["https:\/\/www.facebook.com\/profile.php?id=61583774536538","https:\/\/pinterest.com\/maradostyle","https:\/\/instagram.com\/maradostyle"]},{"@type":"Person","@id":"https:\/\/marado.hu\/#\/schema\/person\/2e4bb3fc7e673b4ad9b16953c9457762","name":"adminMarado","sameAs":["https:\/\/marado.hu"],"url":"https:\/\/marado.hu\/en\/author\/adminmarado\/"}]}},"jetpack_sharing_enabled":true,"jetpack_featured_media_url":"","_links":{"self":[{"href":"https:\/\/marado.hu\/en\/wp-json\/wp\/v2\/posts\/241","targetHints":{"allow":["GET"]}}],"collection":[{"href":"https:\/\/marado.hu\/en\/wp-json\/wp\/v2\/posts"}],"about":[{"href":"https:\/\/marado.hu\/en\/wp-json\/wp\/v2\/types\/post"}],"author":[{"embeddable":true,"href":"https:\/\/marado.hu\/en\/wp-json\/wp\/v2\/users\/1"}],"replies":[{"embeddable":true,"href":"https:\/\/marado.hu\/en\/wp-json\/wp\/v2\/comments?post=241"}],"version-history":[{"count":6,"href":"https:\/\/marado.hu\/en\/wp-json\/wp\/v2\/posts\/241\/revisions"}],"predecessor-version":[{"id":348,"href":"https:\/\/marado.hu\/en\/wp-json\/wp\/v2\/posts\/241\/revisions\/348"}],"wp:attachment":[{"href":"https:\/\/marado.hu\/en\/wp-json\/wp\/v2\/media?parent=241"}],"wp:term":[{"taxonomy":"category","embeddable":true,"href":"https:\/\/marado.hu\/en\/wp-json\/wp\/v2\/categories?post=241"},{"taxonomy":"post_tag","embeddable":true,"href":"https:\/\/marado.hu\/en\/wp-json\/wp\/v2\/tags?post=241"}],"curies":[{"name":"wp","href":"https:\/\/api.w.org\/{rel}","templated":true}]}}