{"id":1636,"date":"2026-08-29T14:00:18","date_gmt":"2026-08-29T14:00:18","guid":{"rendered":"https:\/\/marado.hu\/?p=1636"},"modified":"2026-08-29T14:00:20","modified_gmt":"2026-08-29T14:00:20","slug":"igy-epits-be-egy-ferfi-zakot-az-oszi-ruhataradba-ha-unod-a-sima-fekete-blezert","status":"publish","type":"post","link":"https:\/\/marado.hu\/en\/igy-epits-be-egy-ferfi-zakot-az-oszi-ruhataradba-ha-unod-a-sima-fekete-blezert\/","title":{"rendered":"\u00cdgy \u00e9p\u00edts be egy f\u00e9rfi zak\u00f3t az \u0151szi ruhat\u00e1radba, ha unod a sima fekete bl\u00e9zert"},"content":{"rendered":"<figure class=\"wp-block-image size-large\"><img loading=\"lazy\" decoding=\"async\" width=\"1024\" height=\"683\" src=\"https:\/\/marado.hu\/wp-content\/uploads\/2026\/08\/Nevtelen-terv-1-1024x683.png\" alt=\"\" class=\"wp-image-1640\" srcset=\"https:\/\/marado.hu\/wp-content\/uploads\/2026\/08\/Nevtelen-terv-1-1024x683.png 1024w, https:\/\/marado.hu\/wp-content\/uploads\/2026\/08\/Nevtelen-terv-1-300x200.png 300w, https:\/\/marado.hu\/wp-content\/uploads\/2026\/08\/Nevtelen-terv-1-18x12.png 18w, https:\/\/marado.hu\/wp-content\/uploads\/2026\/08\/Nevtelen-terv-1-768x512.png 768w, https:\/\/marado.hu\/wp-content\/uploads\/2026\/08\/Nevtelen-terv-1-1140x760.png 1140w, https:\/\/marado.hu\/wp-content\/uploads\/2026\/08\/Nevtelen-terv-1-600x400.png 600w, https:\/\/marado.hu\/wp-content\/uploads\/2026\/08\/Nevtelen-terv-1.png 1536w\" sizes=\"auto, (max-width: 1024px) 100vw, 1024px\" \/><\/figure>\n\n\n\n<h1 class=\"wp-block-heading\">A fekete bl\u00e9zer biztons\u00e1gos. De \u00e9ppen ez a gond vele.<\/h1>\n\n\n\n<p class=\"wp-block-paragraph\">T\u00fal kisz\u00e1m\u00edthat\u00f3, t\u00fal \u201erendben van\u201d, \u00e9s ritk\u00e1n ad val\u00f3di karaktert egy \u0151szi outfitnek.<\/p>\n\n\n\n<p class=\"wp-block-paragraph\">Egy f\u00e9rfi zak\u00f3 viszont igen.<\/p>\n\n\n\n<p class=\"wp-block-paragraph\">Laz\u00e1bb, karakteresebb, kicsit v\u00e1ratlan \u2013 \u00e9s pont ett\u0151l lesz sokkal izgalmasabb, mint a klasszikus fekete bl\u00e9zer. Egyetlen darab, ami azonnal \u00faj hangulatot ad a ruhat\u00e1radnak, \u00e9s m\u00e9g a legegyszer\u0171bb farmer\u2013p\u00f3l\u00f3 kombin\u00e1ci\u00f3t is st\u00edlusoss\u00e1 emeli.<\/p>\n\n\n\n<p class=\"wp-block-paragraph\">\u00c9s a legjobb benne? Nem kell \u00faj gardr\u00f3b.<\/p>\n\n\n\n<p class=\"wp-block-paragraph\">Egy j\u00f3l v\u00e1lasztott oversized vagy vintage zak\u00f3 \u00faj \u00e9letet ad azoknak a daraboknak is, amiket m\u00e1r \u00e9vek \u00f3ta hordasz.<\/p>\n\n\n\n<p class=\"wp-block-paragraph\">Farmer. K\u00f6t\u00f6tt pul\u00f3ver. N\u0151ies ruha. Csizma.<\/p>\n\n\n\n<p class=\"wp-block-paragraph\">Minden m\u0171k\u00f6dik vele \u2013 csak m\u00e1sk\u00e9pp.<\/p>\n\n\n\n<hr class=\"wp-block-separator has-alpha-channel-opacity\"\/>\n\n\n\n<h3 class=\"wp-block-heading\">1. A fekete oversized zak\u00f3 \u2013 amikor a klasszikus egy kicsit laz\u00e1bb lesz<\/h3>\n\n\n\n<p class=\"wp-block-paragraph\">Ha m\u00e9g nem \u00e1llsz k\u00e9szen arra, hogy mint\u00e1s zak\u00f3t v\u00e1lassz, kezdd egy fekete oversized f\u00e9rfi zak\u00f3val.<\/p>\n\n\n\n<p class=\"wp-block-paragraph\">Ez a darab t\u00f6k\u00e9letes bel\u00e9p\u0151 a <strong>f\u00e9rfi zak\u00f3 outfit<\/strong> vil\u00e1g\u00e1ba, mert egyszerre letisztult \u00e9s karakteres.<\/p>\n\n\n\n<p class=\"wp-block-paragraph\">A titka nem az, hogy t\u00f6k\u00e9letesen passzoljon r\u00e1d. \u00c9ppen ellenkez\u0151leg.<\/p>\n\n\n\n<p class=\"wp-block-paragraph\">A kiss\u00e9 b\u0151vebb v\u00e1ll, a hosszabb szab\u00e1s \u00e9s a f\u00e9rfiasabb vonal adja azt a term\u00e9szetes, effortless hat\u00e1st, amit\u0151l egy egyszer\u0171 \u0151szi outfit is sokkal \u00e9rdekesebb\u00e9 v\u00e1lik.<\/p>\n\n\n\n<p class=\"wp-block-paragraph\">Viseld egyenes sz\u00e1r\u00fa farmerrel \u00e9s bokacsizm\u00e1val egy h\u00e9tk\u00f6znapi, v\u00e1rosi naphoz.<\/p>\n\n\n\n<p class=\"wp-block-paragraph\">Vagy dobd fel egy n\u0151iesebb ruha f\u00f6l\u00e9, amikor egy kis kontrasztra v\u00e1gysz.<\/p>\n\n\n\n<p class=\"wp-block-paragraph\">\u00c9s ha szeretn\u00e9d m\u00e9g hangs\u00falyosabb\u00e1 tenni a derekad, k\u00f6ss r\u00e1 egy \u00f6vet.<\/p>\n\n\n\n<p class=\"wp-block-paragraph\">Egyetlen mozdulat, m\u00e9gis teljesen \u00faj sziluett.<\/p>\n\n\n\n<p class=\"wp-block-paragraph\">Ez az a fajta <strong>oversized bl\u00e9zer<\/strong> hat\u00e1s, ami egyszerre eleg\u00e1ns, k\u00e9nyelmes \u00e9s kicsit f\u00e9rfias \u2013 m\u00e9gis megmarad benne a n\u0151iess\u00e9g k\u00f6nnyeds\u00e9ge.<\/p>\n\n\n\n<p class=\"wp-block-paragraph\">Az \u0151szi r\u00e9tegez\u00e9s egyik legegyszer\u0171bb, m\u00e9gis legst\u00edlusosabb form\u00e1ja.<\/p>\n\n\n<div class=\"wp-block-image\">\n<figure class=\"aligncenter size-large\"><img loading=\"lazy\" decoding=\"async\" width=\"683\" height=\"1024\" src=\"https:\/\/marado.hu\/wp-content\/uploads\/2026\/08\/51-683x1024.png\" alt=\"\" class=\"wp-image-1637\" srcset=\"https:\/\/marado.hu\/wp-content\/uploads\/2026\/08\/51-683x1024.png 683w, https:\/\/marado.hu\/wp-content\/uploads\/2026\/08\/51-200x300.png 200w, https:\/\/marado.hu\/wp-content\/uploads\/2026\/08\/51-8x12.png 8w, https:\/\/marado.hu\/wp-content\/uploads\/2026\/08\/51-768x1152.png 768w, https:\/\/marado.hu\/wp-content\/uploads\/2026\/08\/51-600x900.png 600w, https:\/\/marado.hu\/wp-content\/uploads\/2026\/08\/51.png 1000w\" sizes=\"auto, (max-width: 683px) 100vw, 683px\" \/><\/figure>\n<\/div>\n\n\n<hr class=\"wp-block-separator has-alpha-channel-opacity\"\/>\n\n\n\n<h3 class=\"wp-block-heading\">2. Kock\u00e1s, tweed vagy ty\u00fakl\u00e1bminta \u2013 egy kis English country hangulat<\/h3>\n\n\n\n<p class=\"wp-block-paragraph\">Tal\u00e1n ez az \u0151sz legszebb r\u00e9sze.<\/p>\n\n\n\n<p class=\"wp-block-paragraph\">Amikor egy kock\u00e1s <strong>tweed zak\u00f3ban<\/strong> s\u00e9t\u00e1lsz egy k\u00f6d\u00f6s reggelen, a csizm\u00e1d alatt ropognak a levelek, a hajadba belekap a sz\u00e9l, \u00e9s minden egy kicsit lassabbnak, puh\u00e1bbnak t\u0171nik.<\/p>\n\n\n\n<p class=\"wp-block-paragraph\">Egy barna, b\u00e9zs, sz\u00fcrke vagy bord\u00f3 \u00e1rnyalat\u00fa tweed jacket azonnal megid\u00e9zi az angol vid\u00e9ki h\u00e1zak vil\u00e1g\u00e1t.<\/p>\n\n\n\n<p class=\"wp-block-paragraph\">A sk\u00f3tkock\u00e1t. A r\u00e9gi k\u00f6nyvt\u00e1rakat. A kandall\u00f3 melletti csendes d\u00e9lut\u00e1nokat. Az \u00f6r\u00f6k\u00f6lt b\u0151r t\u00e1sk\u00e1kat. A kast\u00e9lykerteket.<\/p>\n\n\n\n<p class=\"wp-block-paragraph\">Nem v\u00e9letlen, hogy a <strong>British countryside style<\/strong> \u00e9s az <strong>English country style<\/strong> minden \u0151sszel visszat\u00e9r a divatba.<\/p>\n\n\n\n<p class=\"wp-block-paragraph\">De a j\u00f3 h\u00edr az, hogy nem kell \u201ejelmezbe\u201d \u00f6lt\u00f6zn\u00f6d hozz\u00e1.<\/p>\n\n\n\n<p class=\"wp-block-paragraph\">Egy kock\u00e1s vagy ty\u00fakl\u00e1bmint\u00e1s zak\u00f3 egy sima feh\u00e9r p\u00f3l\u00f3val \u00e9s farmerrel is m\u0171k\u00f6dik.<\/p>\n\n\n\n<p class=\"wp-block-paragraph\">Ha pedig hozz\u00e1adsz egy k\u00f6t\u00f6tt pul\u00f3vert, egy puha s\u00e1lat \u00e9s egy b\u0151rcsizm\u00e1t, m\u00e1ris megvan az a romantikus, id\u0151tlen <strong>autumn outfit<\/strong>, ami miatt annyira szeretj\u00fck az \u0151szt.<\/p>\n\n\n\n<p class=\"wp-block-paragraph\">Ez m\u00e1r nem csak egy zak\u00f3.<\/p>\n\n\n\n<p class=\"wp-block-paragraph\">Ez hangulat.<\/p>\n\n\n\n<p class=\"wp-block-paragraph\">Ez az \u0151szi r\u00e9tegez\u00e9s egyik legszebb, legtext\u00far\u00e1ltabb form\u00e1ja.<\/p>\n\n\n<div class=\"wp-block-image\">\n<figure class=\"aligncenter size-large\"><img loading=\"lazy\" decoding=\"async\" width=\"683\" height=\"1024\" src=\"https:\/\/marado.hu\/wp-content\/uploads\/2026\/08\/52-683x1024.png\" alt=\"\" class=\"wp-image-1638\" srcset=\"https:\/\/marado.hu\/wp-content\/uploads\/2026\/08\/52-683x1024.png 683w, https:\/\/marado.hu\/wp-content\/uploads\/2026\/08\/52-200x300.png 200w, https:\/\/marado.hu\/wp-content\/uploads\/2026\/08\/52-768x1152.png 768w, https:\/\/marado.hu\/wp-content\/uploads\/2026\/08\/52-8x12.png 8w, https:\/\/marado.hu\/wp-content\/uploads\/2026\/08\/52-600x900.png 600w, https:\/\/marado.hu\/wp-content\/uploads\/2026\/08\/52.png 1000w\" sizes=\"auto, (max-width: 683px) 100vw, 683px\" \/><\/figure>\n<\/div>\n\n\n<hr class=\"wp-block-separator has-alpha-channel-opacity\"\/>\n\n\n\n<h3 class=\"wp-block-heading\">3. Vintage zak\u00f3 \u2013 mert a legjobb daraboknak t\u00f6rt\u00e9net\u00fck van<\/h3>\n\n\n\n<p class=\"wp-block-paragraph\">A vintage zak\u00f3 egyik legnagyobb ereje, hogy nem akar t\u00f6k\u00e9letesen \u00faj lenni.<\/p>\n\n\n\n<p class=\"wp-block-paragraph\">\u00c9s pont ett\u0151l lesz izgalmas.<\/p>\n\n\n\n<p class=\"wp-block-paragraph\">Egy k\u00fcl\u00f6nleges gomb. Egy kiss\u00e9 megv\u00e1ltozott v\u00e1llvonal. Egy ritk\u00e1bb sz\u00f6v\u00e9s. Egy \u00e1rnyalat, amit ma m\u00e1r alig l\u00e1tni.<\/p>\n\n\n\n<p class=\"wp-block-paragraph\">Egy vintage f\u00e9rfi zak\u00f3val nem egy trendet veszel meg, hanem egy karaktert.<\/p>\n\n\n\n<p class=\"wp-block-paragraph\">Egy darabot, aminek t\u00f6rt\u00e9nete van.<\/p>\n\n\n\n<p class=\"wp-block-paragraph\">Viseld egyszer\u0171 alapokkal, hogy \u0151 maradjon a f\u0151szerepl\u0151.<\/p>\n\n\n\n<p class=\"wp-block-paragraph\">Feh\u00e9r inggel \u00e9s farmerrel.<\/p>\n\n\n\n<p class=\"wp-block-paragraph\">Fekete garb\u00f3val.<\/p>\n\n\n\n<p class=\"wp-block-paragraph\">Egy letisztult k\u00f6t\u00f6tt ruh\u00e1val.<\/p>\n\n\n\n<p class=\"wp-block-paragraph\">Vagy ak\u00e1r egy hossz\u00fa szokny\u00e1val.<\/p>\n\n\n\n<p class=\"wp-block-paragraph\">A vintage darabokn\u00e1l a legszebb az, hogy nem kell t\u00falgondolni \u0151ket.<\/p>\n\n\n\n<p class=\"wp-block-paragraph\">Min\u00e9l egyszer\u0171bb a k\u00f6r\u00edt\u00e9s, ann\u00e1l er\u0151sebben \u00e9rv\u00e9nyes\u00fcl az egyedis\u00e9g\u00fck.<\/p>\n\n\n\n<p class=\"wp-block-paragraph\">Ez az a fajta <strong>f\u00e9rfi zak\u00f3 outfit<\/strong>, ami nem k\u00f6veti a trendeket \u2013 ink\u00e1bb saj\u00e1t t\u00f6rt\u00e9netet \u00edr.<\/p>\n\n\n<div class=\"wp-block-image\">\n<figure class=\"aligncenter size-large\"><img loading=\"lazy\" decoding=\"async\" width=\"683\" height=\"1024\" src=\"https:\/\/marado.hu\/wp-content\/uploads\/2026\/08\/53-683x1024.png\" alt=\"\" class=\"wp-image-1639\" srcset=\"https:\/\/marado.hu\/wp-content\/uploads\/2026\/08\/53-683x1024.png 683w, https:\/\/marado.hu\/wp-content\/uploads\/2026\/08\/53-200x300.png 200w, https:\/\/marado.hu\/wp-content\/uploads\/2026\/08\/53-8x12.png 8w, https:\/\/marado.hu\/wp-content\/uploads\/2026\/08\/53-768x1152.png 768w, https:\/\/marado.hu\/wp-content\/uploads\/2026\/08\/53-600x900.png 600w, https:\/\/marado.hu\/wp-content\/uploads\/2026\/08\/53.png 1000w\" sizes=\"auto, (max-width: 683px) 100vw, 683px\" \/><\/figure>\n<\/div>\n\n\n<hr class=\"wp-block-separator has-alpha-channel-opacity\"\/>\n\n\n\n<h3 class=\"wp-block-heading\">PRO TIPP: Ne tedd el a zak\u00f3t, amikor meg\u00e9rkezik a t\u00e9l<\/h3>\n\n\n\n<p class=\"wp-block-paragraph\">Egy j\u00f3 f\u00e9rfi zak\u00f3 nem csak az \u00e1tmeneti id\u0151szakra val\u00f3.<\/p>\n\n\n\n<p class=\"wp-block-paragraph\">T\u00e9len is sim\u00e1n m\u0171k\u00f6dik kab\u00e1t alatt \u2013 csak figyelj a r\u00e9tegez\u00e9sre.<\/p>\n\n\n\n<p class=\"wp-block-paragraph\">Ha vastagabb kab\u00e1tot viselsz f\u00f6l\u00e9, v\u00e1lassz kicsit testhez\u00e1ll\u00f3bb zak\u00f3t, vagy olyan kab\u00e1tot, ami szint\u00e9n b\u0151vebb szab\u00e1s\u00fa. Ne f\u00e9lj, nem leszel t\u0151le t\u00fal f\u00e9rfias.<\/p>\n\n\n\n<p class=\"wp-block-paragraph\">N\u00e9h\u00e1ny \u00f6tlet, hogyan viseld:<\/p>\n\n\n\n<ul class=\"wp-block-list\">\n<li>Zak\u00f3 + hossz\u00fa gyapj\u00fakab\u00e1t + k\u00f6t\u00f6tt sapka.<\/li>\n\n\n\n<li>Zak\u00f3 + s\u00e1l + b\u0151rcsizma.<\/li>\n\n\n\n<li>Zak\u00f3 + kalap + farmer.<\/li>\n\n\n\n<li>Zak\u00f3 + garb\u00f3 + hossz\u00fa szoknya.<\/li>\n<\/ul>\n\n\n\n<p class=\"wp-block-paragraph\">A r\u00e9tegez\u00e9s nemcsak praktikus. Ett\u0151l lesz igaz\u00e1n szem\u00e9lyes egy \u0151szi\u2013t\u00e9li ruhat\u00e1r.<\/p>\n\n\n\n<p class=\"wp-block-paragraph\">Mert a st\u00edlus nem mindig arr\u00f3l sz\u00f3l, hogy \u00faj darabokat veszel.<\/p>\n\n\n\n<p class=\"wp-block-paragraph\">N\u00e9ha csak arr\u00f3l, hogy m\u00e1sk\u00e9pp kezdesz el n\u00e9zni arra, ami m\u00e1r ott van a szekr\u00e9nyedben.<\/p>\n\n\n\n<hr class=\"wp-block-separator has-alpha-channel-opacity\"\/>\n\n\n\n<p class=\"wp-block-paragraph\">\u00c9s tal\u00e1n ez\u00e9rt \u00e9rdemes id\u00e9n \u0151sszel a sima fekete bl\u00e9zer helyett egyszer egy f\u00e9rfi zak\u00f3 ut\u00e1n ny\u00falni.<\/p>\n\n\n\n<p class=\"wp-block-paragraph\">Egy kicsit laz\u00e1bb szab\u00e1s\u00e9rt.<\/p>\n\n\n\n<p class=\"wp-block-paragraph\">Egy kis vintage hangulat\u00e9rt.<\/p>\n\n\n\n<p class=\"wp-block-paragraph\">Egy kis English country romantik\u00e1\u00e9rt.<\/p>\n\n\n\n<p class=\"wp-block-paragraph\">\u00c9s az\u00e9rt az \u00e9rz\u00e9s\u00e9rt, amikor egy ruhadarab nemcsak fel\u00f6lt\u00f6ztet, hanem t\u00f6rt\u00e9netet is mes\u00e9l.<\/p>\n\n\n\n<hr class=\"wp-block-separator has-alpha-channel-opacity\"\/>\n\n\n\n<p class=\"wp-block-paragraph\">Ha megtetszett az \u00f6tlet \u00e9s kipr\u00f3b\u00e1ln\u00e1d a saj\u00e1t ruhat\u00e1radban, itt megtal\u00e1lod a t\u00f6k\u00e9letes alapdarabokat:<\/p>\n\n\n<div class=\"wp-block-image\">\n<figure class=\"aligncenter size-full\"><img loading=\"lazy\" decoding=\"async\" width=\"500\" height=\"500\" src=\"https:\/\/marado.hu\/wp-content\/uploads\/2026\/08\/Kezzel-keszult-ekszerek-1.png\" alt=\"\" class=\"wp-image-1634\" srcset=\"https:\/\/marado.hu\/wp-content\/uploads\/2026\/08\/Kezzel-keszult-ekszerek-1.png 500w, https:\/\/marado.hu\/wp-content\/uploads\/2026\/08\/Kezzel-keszult-ekszerek-1-250x250.png 250w, https:\/\/marado.hu\/wp-content\/uploads\/2026\/08\/Kezzel-keszult-ekszerek-1-100x100.png 100w, https:\/\/marado.hu\/wp-content\/uploads\/2026\/08\/Kezzel-keszult-ekszerek-1-300x300.png 300w, https:\/\/marado.hu\/wp-content\/uploads\/2026\/08\/Kezzel-keszult-ekszerek-1-150x150.png 150w, https:\/\/marado.hu\/wp-content\/uploads\/2026\/08\/Kezzel-keszult-ekszerek-1-12x12.png 12w, https:\/\/marado.hu\/wp-content\/uploads\/2026\/08\/Kezzel-keszult-ekszerek-1-75x75.png 75w\" sizes=\"auto, (max-width: 500px) 100vw, 500px\" \/><\/figure>\n<\/div>\n\n\n<p class=\"wp-block-paragraph\">Mindegyik darabb\u00f3l \u00f6sszesen egy van k\u00e9szleten, \u00edgy biztos lehetsz benne, nagyon kev\u00e9s az es\u00e9ly arra, hogy szembej\u00f6n Veled az utc\u00e1n!<\/p>\n\n\n\n<blockquote class=\"wp-block-quote is-layout-flow wp-block-quote-is-layout-flow\">\n<h2 class=\"wp-block-heading\">K\u00e9szen \u00e1llsz? <\/h2>\n\n\n\n<h2 class=\"wp-block-heading\"><a href=\"https:\/\/marado.hu\/en\/uzlet\/\" data-type=\"link\" data-id=\"marado.hu\/uzlet\">Csapj le kedvenc darabodra m\u00e9g ma<\/a> \u00e9s k\u00f6vess be tov\u00e1bbi inpir\u00e1ci\u00f3\u00e9rt! <\/h2>\n\n\n\n<div class=\"wp-block-group has-white-background-color has-background\" style=\"padding-top:var(--wp--preset--spacing--80);padding-right:0;padding-bottom:var(--wp--preset--spacing--80);padding-left:0\"><div class=\"wp-block-group__inner-container is-layout-flow wp-block-group-is-layout-flow\"><h1 style=\"font-style:normal;font-weight:700\" class=\"wp-block-site-title has-medium-font-size has-text-align-center\"><a href=\"https:\/\/marado.hu\/en\" target=\"_self\" rel=\"home\">marad\u00f3.<\/a><\/h1>\n\n<p class=\"wp-block-site-tagline has-text-align-center\">marad\u00f3. | some things are eternal<\/p>\n\n\n<div style=\"height:20px\" aria-hidden=\"true\" class=\"wp-block-spacer\"><\/div>\n\n\n\n<div class=\"wp-block-buttons is-content-justification-center is-layout-flex wp-container-core-buttons-is-layout-fe48e5de wp-block-buttons-is-layout-flex\">\n<div style=\"--wp--block-button--width: 100;\" class=\"wp-block-button has-custom-width wp-block-button__width wp-block-button__width-100\"><a class=\"wp-block-button__link wp-element-button\" href=\"https:\/\/tiktok.com\/maradostyle\">N\u00e9zd meg legut\u00f3bbi vide\u00f3imat!<\/a><\/div>\n\n\n\n<div style=\"--wp--block-button--width: 100;\" class=\"wp-block-button has-custom-width wp-block-button__width wp-block-button__width-100\"><a class=\"wp-block-button__link wp-element-button\" href=\"https:\/\/marado.hu\/en\/uzlet\/\">V\u00e1lassz a marad\u00f3. shop-b\u00f3l<\/a><\/div>\n\n\n\n<div style=\"--wp--block-button--width: 100;\" class=\"wp-block-button has-custom-width wp-block-button__width wp-block-button__width-100\"><a class=\"wp-block-button__link wp-element-button\">Iratkozz fel, \u00e9s \u00e9rtes\u00fclj a legfrissebb \u0151szi-t\u00e9li inspir\u00e1ci\u00f3kr\u00f3l!<\/a><\/div>\n\n\n\n<div style=\"--wp--block-button--width: 100;\" class=\"wp-block-button is-style-fill has-custom-width wp-block-button__width wp-block-button__width-100\"><a class=\"wp-block-button__link wp-element-button\" href=\"https:\/\/marado.hu\/en\/hamarosan-erkezik-a-marado-stilusnaplo\/\">N\u00e9zd meg a marad\u00f3. St\u00edlusNapl\u00f3t \u00e9s hozd ki ruhat\u00e1radb\u00f3l a maximumot!<\/a><\/div>\n<\/div>\n\n\n\n<ul class=\"wp-block-social-links has-normal-icon-size has-icon-color has-icon-background-color is-content-justification-center is-layout-flex wp-container-core-social-links-is-layout-4b17b8cb wp-block-social-links-is-layout-flex\" style=\"padding-top:var(--wp--preset--spacing--60);padding-bottom:var(--wp--preset--spacing--60)\"><li style=\"color:#000000;background-color:#ffffff\" class=\"wp-social-link wp-social-link-instagram has-black-color has-white-background-color wp-block-social-link\"><a href=\"https:\/\/instagram.com\/maradostyle\" class=\"wp-block-social-link-anchor\"><svg width=\"24\" height=\"24\" viewbox=\"0 0 24 24\" version=\"1.1\" xmlns=\"http:\/\/www.w3.org\/2000\/svg\" aria-hidden=\"true\" focusable=\"false\"><path d=\"M12,4.622c2.403,0,2.688,0.009,3.637,0.052c0.877,0.04,1.354,0.187,1.671,0.31c0.42,0.163,0.72,0.358,1.035,0.673 c0.315,0.315,0.51,0.615,0.673,1.035c0.123,0.317,0.27,0.794,0.31,1.671c0.043,0.949,0.052,1.234,0.052,3.637 s-0.009,2.688-0.052,3.637c-0.04,0.877-0.187,1.354-0.31,1.671c-0.163,0.42-0.358,0.72-0.673,1.035 c-0.315,0.315-0.615,0.51-1.035,0.673c-0.317,0.123-0.794,0.27-1.671,0.31c-0.949,0.043-1.233,0.052-3.637,0.052 s-2.688-0.009-3.637-0.052c-0.877-0.04-1.354-0.187-1.671-0.31c-0.42-0.163-0.72-0.358-1.035-0.673 c-0.315-0.315-0.51-0.615-0.673-1.035c-0.123-0.317-0.27-0.794-0.31-1.671C4.631,14.688,4.622,14.403,4.622,12 s0.009-2.688,0.052-3.637c0.04-0.877,0.187-1.354,0.31-1.671c0.163-0.42,0.358-0.72,0.673-1.035 c0.315-0.315,0.615-0.51,1.035-0.673c0.317-0.123,0.794-0.27,1.671-0.31C9.312,4.631,9.597,4.622,12,4.622 M12,3 C9.556,3,9.249,3.01,8.289,3.054C7.331,3.098,6.677,3.25,6.105,3.472C5.513,3.702,5.011,4.01,4.511,4.511 c-0.5,0.5-0.808,1.002-1.038,1.594C3.25,6.677,3.098,7.331,3.054,8.289C3.01,9.249,3,9.556,3,12c0,2.444,0.01,2.751,0.054,3.711 c0.044,0.958,0.196,1.612,0.418,2.185c0.23,0.592,0.538,1.094,1.038,1.594c0.5,0.5,1.002,0.808,1.594,1.038 c0.572,0.222,1.227,0.375,2.185,0.418C9.249,20.99,9.556,21,12,21s2.751-0.01,3.711-0.054c0.958-0.044,1.612-0.196,2.185-0.418 c0.592-0.23,1.094-0.538,1.594-1.038c0.5-0.5,0.808-1.002,1.038-1.594c0.222-0.572,0.375-1.227,0.418-2.185 C20.99,14.751,21,14.444,21,12s-0.01-2.751-0.054-3.711c-0.044-0.958-0.196-1.612-0.418-2.185c-0.23-0.592-0.538-1.094-1.038-1.594 c-0.5-0.5-1.002-0.808-1.594-1.038c-0.572-0.222-1.227-0.375-2.185-0.418C14.751,3.01,14.444,3,12,3L12,3z M12,7.378 c-2.552,0-4.622,2.069-4.622,4.622S9.448,16.622,12,16.622s4.622-2.069,4.622-4.622S14.552,7.378,12,7.378z M12,15 c-1.657,0-3-1.343-3-3s1.343-3,3-3s3,1.343,3,3S13.657,15,12,15z M16.804,6.116c-0.596,0-1.08,0.484-1.08,1.08 s0.484,1.08,1.08,1.08c0.596,0,1.08-0.484,1.08-1.08S17.401,6.116,16.804,6.116z\"><\/path><\/svg><span class=\"wp-block-social-link-label screen-reader-text\">Instagram<\/span><\/a><\/li>\n\n<li style=\"color:#000000;background-color:#ffffff\" class=\"wp-social-link wp-social-link-pinterest has-black-color has-white-background-color wp-block-social-link\"><a href=\"https:\/\/pinterest.com\/maradostyle\" class=\"wp-block-social-link-anchor\"><svg width=\"24\" height=\"24\" viewbox=\"0 0 24 24\" version=\"1.1\" xmlns=\"http:\/\/www.w3.org\/2000\/svg\" aria-hidden=\"true\" focusable=\"false\"><path d=\"M12.289,2C6.617,2,3.606,5.648,3.606,9.622c0,1.846,1.025,4.146,2.666,4.878c0.25,0.111,0.381,0.063,0.439-0.169 c0.044-0.175,0.267-1.029,0.365-1.428c0.032-0.128,0.017-0.237-0.091-0.362C6.445,11.911,6.01,10.75,6.01,9.668 c0-2.777,2.194-5.464,5.933-5.464c3.23,0,5.49,2.108,5.49,5.122c0,3.407-1.794,5.768-4.13,5.768c-1.291,0-2.257-1.021-1.948-2.277 c0.372-1.495,1.089-3.112,1.089-4.191c0-0.967-0.542-1.775-1.663-1.775c-1.319,0-2.379,1.309-2.379,3.059 c0,1.115,0.394,1.869,0.394,1.869s-1.302,5.279-1.54,6.261c-0.405,1.666,0.053,4.368,0.094,4.604 c0.021,0.126,0.167,0.169,0.25,0.063c0.129-0.165,1.699-2.419,2.142-4.051c0.158-0.59,0.817-2.995,0.817-2.995 c0.43,0.784,1.681,1.446,3.013,1.446c3.963,0,6.822-3.494,6.822-7.833C20.394,5.112,16.849,2,12.289,2\"><\/path><\/svg><span class=\"wp-block-social-link-label screen-reader-text\">Pinterest<\/span><\/a><\/li>\n\n<li style=\"color:#000000;background-color:#ffffff\" class=\"wp-social-link wp-social-link-tiktok has-black-color has-white-background-color wp-block-social-link\"><a href=\"https:\/\/tiktok.com\/maradostyle\" class=\"wp-block-social-link-anchor\"><svg width=\"24\" height=\"24\" viewbox=\"0 0 32 32\" version=\"1.1\" xmlns=\"http:\/\/www.w3.org\/2000\/svg\" aria-hidden=\"true\" focusable=\"false\"><path d=\"M16.708 0.027c1.745-0.027 3.48-0.011 5.213-0.027 0.105 2.041 0.839 4.12 2.333 5.563 1.491 1.479 3.6 2.156 5.652 2.385v5.369c-1.923-0.063-3.855-0.463-5.6-1.291-0.76-0.344-1.468-0.787-2.161-1.24-0.009 3.896 0.016 7.787-0.025 11.667-0.104 1.864-0.719 3.719-1.803 5.255-1.744 2.557-4.771 4.224-7.88 4.276-1.907 0.109-3.812-0.411-5.437-1.369-2.693-1.588-4.588-4.495-4.864-7.615-0.032-0.667-0.043-1.333-0.016-1.984 0.24-2.537 1.495-4.964 3.443-6.615 2.208-1.923 5.301-2.839 8.197-2.297 0.027 1.975-0.052 3.948-0.052 5.923-1.323-0.428-2.869-0.308-4.025 0.495-0.844 0.547-1.485 1.385-1.819 2.333-0.276 0.676-0.197 1.427-0.181 2.145 0.317 2.188 2.421 4.027 4.667 3.828 1.489-0.016 2.916-0.88 3.692-2.145 0.251-0.443 0.532-0.896 0.547-1.417 0.131-2.385 0.079-4.76 0.095-7.145 0.011-5.375-0.016-10.735 0.025-16.093z\" \/><\/svg><span class=\"wp-block-social-link-label screen-reader-text\">TikTok<\/span><\/a><\/li>\n\n<li style=\"color:#000000;background-color:#ffffff\" class=\"wp-social-link wp-social-link-youtube has-black-color has-white-background-color wp-block-social-link\"><a href=\"https:\/\/youtube.com\/maradostyle\" class=\"wp-block-social-link-anchor\"><svg width=\"24\" height=\"24\" viewbox=\"0 0 24 24\" version=\"1.1\" xmlns=\"http:\/\/www.w3.org\/2000\/svg\" aria-hidden=\"true\" focusable=\"false\"><path d=\"M21.8,8.001c0,0-0.195-1.378-0.795-1.985c-0.76-0.797-1.613-0.801-2.004-0.847c-2.799-0.202-6.997-0.202-6.997-0.202 h-0.009c0,0-4.198,0-6.997,0.202C4.608,5.216,3.756,5.22,2.995,6.016C2.395,6.623,2.2,8.001,2.2,8.001S2,9.62,2,11.238v1.517 c0,1.618,0.2,3.237,0.2,3.237s0.195,1.378,0.795,1.985c0.761,0.797,1.76,0.771,2.205,0.855c1.6,0.153,6.8,0.201,6.8,0.201 s4.203-0.006,7.001-0.209c0.391-0.047,1.243-0.051,2.004-0.847c0.6-0.607,0.795-1.985,0.795-1.985s0.2-1.618,0.2-3.237v-1.517 C22,9.62,21.8,8.001,21.8,8.001z M9.935,14.594l-0.001-5.62l5.404,2.82L9.935,14.594z\"><\/path><\/svg><span class=\"wp-block-social-link-label screen-reader-text\">YouTube<\/span><\/a><\/li><\/ul>\n<\/div><\/div>\n<\/blockquote>","protected":false},"excerpt":{"rendered":"<p>A fekete bl\u00e9zer biztons\u00e1gos. De \u00e9ppen ez a gond vele. T\u00fal kisz\u00e1m\u00edthat\u00f3, t\u00fal \u201erendben van\u201d, \u00e9s ritk\u00e1n ad val\u00f3di karaktert egy \u0151szi outfitnek. Egy f\u00e9rfi zak\u00f3 viszont igen. Laz\u00e1bb, karakteresebb, kicsit v\u00e1ratlan \u2013 \u00e9s pont ett\u0151l lesz sokkal izgalmasabb, mint a klasszikus fekete bl\u00e9zer. Egyetlen darab, ami azonnal \u00faj hangulatot ad a ruhat\u00e1radnak, \u00e9s m\u00e9g a legegyszer\u0171bb farmer\u2013p\u00f3l\u00f3 kombin\u00e1ci\u00f3t is st\u00edlusoss\u00e1 emeli. \u00c9s a legjobb benne? Nem kell \u00faj gardr\u00f3b. Egy j\u00f3l v\u00e1lasztott oversized vagy vintage zak\u00f3 \u00faj \u00e9letet ad azoknak a daraboknak is, amiket m\u00e1r \u00e9vek \u00f3ta hordasz. Farmer. K\u00f6t\u00f6tt pul\u00f3ver. N\u0151ies ruha. Csizma. Minden m\u0171k\u00f6dik vele \u2013 csak m\u00e1sk\u00e9pp. 1. A fekete oversized zak\u00f3 \u2013 amikor a klasszikus egy kicsit laz\u00e1bb lesz Ha m\u00e9g nem \u00e1llsz k\u00e9szen arra, hogy mint\u00e1s zak\u00f3t v\u00e1lassz, kezdd egy fekete oversized f\u00e9rfi zak\u00f3val. Ez a darab t\u00f6k\u00e9letes bel\u00e9p\u0151 a f\u00e9rfi zak\u00f3 outfit vil\u00e1g\u00e1ba, mert egyszerre letisztult \u00e9s karakteres. A titka nem az, hogy t\u00f6k\u00e9letesen passzoljon r\u00e1d. \u00c9ppen ellenkez\u0151leg. A kiss\u00e9 b\u0151vebb v\u00e1ll, a hosszabb szab\u00e1s \u00e9s a f\u00e9rfiasabb vonal adja azt a term\u00e9szetes, effortless hat\u00e1st, amit\u0151l egy egyszer\u0171 \u0151szi outfit is sokkal \u00e9rdekesebb\u00e9 v\u00e1lik. Viseld egyenes sz\u00e1r\u00fa farmerrel \u00e9s bokacsizm\u00e1val egy h\u00e9tk\u00f6znapi, v\u00e1rosi naphoz. Vagy dobd fel egy n\u0151iesebb ruha f\u00f6l\u00e9, amikor egy kis kontrasztra v\u00e1gysz. \u00c9s ha szeretn\u00e9d m\u00e9g hangs\u00falyosabb\u00e1 tenni a derekad, k\u00f6ss r\u00e1 egy \u00f6vet. Egyetlen mozdulat, m\u00e9gis teljesen \u00faj sziluett. Ez az a fajta oversized bl\u00e9zer hat\u00e1s, ami egyszerre eleg\u00e1ns, k\u00e9nyelmes \u00e9s kicsit f\u00e9rfias \u2013 m\u00e9gis megmarad benne a n\u0151iess\u00e9g k\u00f6nnyeds\u00e9ge. Az \u0151szi r\u00e9tegez\u00e9s egyik legegyszer\u0171bb, m\u00e9gis legst\u00edlusosabb form\u00e1ja. 2. Kock\u00e1s, tweed vagy ty\u00fakl\u00e1bminta \u2013 egy kis English country hangulat Tal\u00e1n ez az \u0151sz legszebb r\u00e9sze. Amikor egy kock\u00e1s tweed zak\u00f3ban s\u00e9t\u00e1lsz egy k\u00f6d\u00f6s reggelen, a csizm\u00e1d alatt ropognak a levelek, a hajadba belekap a sz\u00e9l, \u00e9s minden egy kicsit lassabbnak, puh\u00e1bbnak t\u0171nik. Egy barna, b\u00e9zs, sz\u00fcrke vagy bord\u00f3 \u00e1rnyalat\u00fa tweed jacket azonnal megid\u00e9zi az angol vid\u00e9ki h\u00e1zak vil\u00e1g\u00e1t. A sk\u00f3tkock\u00e1t. A r\u00e9gi k\u00f6nyvt\u00e1rakat. A kandall\u00f3 melletti csendes d\u00e9lut\u00e1nokat. Az \u00f6r\u00f6k\u00f6lt b\u0151r t\u00e1sk\u00e1kat. A kast\u00e9lykerteket. Nem v\u00e9letlen, hogy a British countryside style \u00e9s az English country style minden \u0151sszel visszat\u00e9r a divatba. De a j\u00f3 h\u00edr az, hogy nem kell \u201ejelmezbe\u201d \u00f6lt\u00f6zn\u00f6d hozz\u00e1. Egy kock\u00e1s vagy ty\u00fakl\u00e1bmint\u00e1s zak\u00f3 egy sima feh\u00e9r p\u00f3l\u00f3val \u00e9s farmerrel is m\u0171k\u00f6dik. Ha pedig hozz\u00e1adsz egy k\u00f6t\u00f6tt pul\u00f3vert, egy puha s\u00e1lat \u00e9s egy b\u0151rcsizm\u00e1t, m\u00e1ris megvan az a romantikus, id\u0151tlen autumn outfit, ami miatt annyira szeretj\u00fck az \u0151szt. Ez m\u00e1r nem csak egy zak\u00f3. Ez hangulat. Ez az \u0151szi r\u00e9tegez\u00e9s egyik legszebb, legtext\u00far\u00e1ltabb form\u00e1ja. 3. Vintage zak\u00f3 \u2013 mert a legjobb daraboknak t\u00f6rt\u00e9net\u00fck van A vintage zak\u00f3 egyik legnagyobb ereje, hogy nem akar t\u00f6k\u00e9letesen \u00faj lenni. \u00c9s pont ett\u0151l lesz izgalmas. Egy k\u00fcl\u00f6nleges gomb. Egy kiss\u00e9 megv\u00e1ltozott v\u00e1llvonal. Egy ritk\u00e1bb sz\u00f6v\u00e9s. Egy \u00e1rnyalat, amit ma m\u00e1r alig l\u00e1tni. Egy vintage f\u00e9rfi zak\u00f3val nem egy trendet veszel meg, hanem egy karaktert. Egy darabot, aminek t\u00f6rt\u00e9nete van. Viseld egyszer\u0171 alapokkal, hogy \u0151 maradjon a f\u0151szerepl\u0151. Feh\u00e9r inggel \u00e9s farmerrel. Fekete garb\u00f3val. Egy letisztult k\u00f6t\u00f6tt ruh\u00e1val. Vagy ak\u00e1r egy hossz\u00fa szokny\u00e1val. A vintage darabokn\u00e1l a legszebb az, hogy nem kell t\u00falgondolni \u0151ket. Min\u00e9l egyszer\u0171bb a k\u00f6r\u00edt\u00e9s, ann\u00e1l er\u0151sebben \u00e9rv\u00e9nyes\u00fcl az egyedis\u00e9g\u00fck. Ez az a fajta f\u00e9rfi zak\u00f3 outfit, ami nem k\u00f6veti a trendeket \u2013 ink\u00e1bb saj\u00e1t t\u00f6rt\u00e9netet \u00edr. PRO TIPP: Ne tedd el a zak\u00f3t, amikor meg\u00e9rkezik a t\u00e9l Egy j\u00f3 f\u00e9rfi zak\u00f3 nem csak az \u00e1tmeneti id\u0151szakra val\u00f3. T\u00e9len is sim\u00e1n m\u0171k\u00f6dik kab\u00e1t alatt \u2013 csak figyelj a r\u00e9tegez\u00e9sre. Ha vastagabb kab\u00e1tot viselsz f\u00f6l\u00e9, v\u00e1lassz kicsit testhez\u00e1ll\u00f3bb zak\u00f3t, vagy olyan kab\u00e1tot, ami szint\u00e9n b\u0151vebb szab\u00e1s\u00fa. Ne f\u00e9lj, nem leszel t\u0151le t\u00fal f\u00e9rfias. N\u00e9h\u00e1ny \u00f6tlet, hogyan viseld: A r\u00e9tegez\u00e9s nemcsak praktikus. Ett\u0151l lesz igaz\u00e1n szem\u00e9lyes egy \u0151szi\u2013t\u00e9li ruhat\u00e1r. Mert a st\u00edlus nem mindig arr\u00f3l sz\u00f3l, hogy \u00faj darabokat veszel. N\u00e9ha csak arr\u00f3l, hogy m\u00e1sk\u00e9pp kezdesz el n\u00e9zni arra, ami m\u00e1r ott van a szekr\u00e9nyedben. \u00c9s tal\u00e1n ez\u00e9rt \u00e9rdemes id\u00e9n \u0151sszel a sima fekete bl\u00e9zer helyett egyszer egy f\u00e9rfi zak\u00f3 ut\u00e1n ny\u00falni. Egy kicsit laz\u00e1bb szab\u00e1s\u00e9rt. Egy kis vintage hangulat\u00e9rt. Egy kis English country romantik\u00e1\u00e9rt. \u00c9s az\u00e9rt az \u00e9rz\u00e9s\u00e9rt, amikor egy ruhadarab nemcsak fel\u00f6lt\u00f6ztet, hanem t\u00f6rt\u00e9netet is mes\u00e9l. Ha megtetszett az \u00f6tlet \u00e9s kipr\u00f3b\u00e1ln\u00e1d a saj\u00e1t ruhat\u00e1radban, itt megtal\u00e1lod a t\u00f6k\u00e9letes alapdarabokat: Mindegyik darabb\u00f3l \u00f6sszesen egy van k\u00e9szleten, \u00edgy biztos lehetsz benne, nagyon kev\u00e9s az es\u00e9ly arra, hogy szembej\u00f6n Veled az utc\u00e1n!<\/p>","protected":false},"author":1,"featured_media":0,"comment_status":"closed","ping_status":"open","sticky":false,"template":"","format":"standard","meta":{"_jetpack_newsletter_access":"","_jetpack_dont_email_post_to_subs":false,"_jetpack_newsletter_tier_id":0,"_jetpack_memberships_contains_paywalled_content":false,"_jetpack_feature_clip_id":0,"_jetpack_memberships_contains_paid_content":false,"footnotes":"","jetpack_post_was_ever_published":false},"categories":[1,634],"tags":[622,820,812,813,821,633,611],"class_list":["post-1636","post","type-post","status-publish","format-standard","hentry","category-inspiracio","category-kapszulagardrob","tag-fenntarthato-divat","tag-gardrobepites","tag-minimalista-gardrob","tag-noi-stilus","tag-osz-tel","tag-stilusnaplo","tag-vintage-ruha"],"yoast_head":"<!-- This site is optimized with the Yoast SEO plugin v28.4 - https:\/\/yoast.com\/product\/yoast-seo-wordpress\/ -->\n<title>\u00cdgy \u00e9p\u00edts be egy f\u00e9rfi zak\u00f3t az \u0151szi ruhat\u00e1radba, ha unod a sima fekete bl\u00e9zert | marad\u00f3.<\/title>\n<meta name=\"description\" content=\"\u00cdgy \u00e9p\u00edts be egy f\u00e9rfi zak\u00f3t az \u0151szi ruhat\u00e1radba, ha unod a sima fekete bl\u00e9zert | marad\u00f3.\" \/>\n<meta name=\"robots\" content=\"index, follow, max-snippet:-1, max-image-preview:large, max-video-preview:-1\" \/>\n<link rel=\"canonical\" href=\"https:\/\/marado.hu\/en\/igy-epits-be-egy-ferfi-zakot-az-oszi-ruhataradba-ha-unod-a-sima-fekete-blezert\/\" \/>\n<meta property=\"og:locale\" content=\"en_US\" \/>\n<meta property=\"og:type\" content=\"article\" \/>\n<meta property=\"og:title\" content=\"\u00cdgy \u00e9p\u00edts be egy f\u00e9rfi zak\u00f3t az \u0151szi ruhat\u00e1radba, ha unod a sima fekete bl\u00e9zert | marad\u00f3.\" \/>\n<meta property=\"og:description\" content=\"\u00cdgy \u00e9p\u00edts be egy f\u00e9rfi zak\u00f3t az \u0151szi ruhat\u00e1radba, ha unod a sima fekete bl\u00e9zert | marad\u00f3.\" \/>\n<meta property=\"og:url\" content=\"https:\/\/marado.hu\/en\/igy-epits-be-egy-ferfi-zakot-az-oszi-ruhataradba-ha-unod-a-sima-fekete-blezert\/\" \/>\n<meta property=\"og:site_name\" content=\"marad\u00f3.\" \/>\n<meta property=\"article:publisher\" content=\"https:\/\/www.facebook.com\/profile.php?id=61583774536538\" \/>\n<meta property=\"article:published_time\" content=\"2026-08-29T14:00:18+00:00\" \/>\n<meta property=\"article:modified_time\" content=\"2026-08-29T14:00:20+00:00\" \/>\n<meta property=\"og:image\" content=\"https:\/\/marado.hu\/wp-content\/uploads\/2026\/08\/Nevtelen-terv-1-1024x683.png\" \/>\n\t<meta property=\"og:image:width\" content=\"1024\" \/>\n\t<meta property=\"og:image:height\" content=\"683\" \/>\n\t<meta property=\"og:image:type\" content=\"image\/png\" \/>\n<meta name=\"author\" content=\"adminMarado\" \/>\n<meta name=\"twitter:card\" content=\"summary_large_image\" \/>\n<meta name=\"twitter:label1\" content=\"Written by\" \/>\n\t<meta name=\"twitter:data1\" content=\"adminMarado\" \/>\n\t<meta name=\"twitter:label2\" content=\"Est. reading time\" \/>\n\t<meta name=\"twitter:data2\" content=\"5 minutes\" \/>\n<script type=\"application\/ld+json\" class=\"yoast-schema-graph\">{\"@context\":\"https:\\\/\\\/schema.org\",\"@graph\":[{\"@type\":\"Article\",\"@id\":\"https:\\\/\\\/marado.hu\\\/igy-epits-be-egy-ferfi-zakot-az-oszi-ruhataradba-ha-unod-a-sima-fekete-blezert\\\/#article\",\"isPartOf\":{\"@id\":\"https:\\\/\\\/marado.hu\\\/igy-epits-be-egy-ferfi-zakot-az-oszi-ruhataradba-ha-unod-a-sima-fekete-blezert\\\/\"},\"author\":{\"name\":\"adminMarado\",\"@id\":\"https:\\\/\\\/marado.hu\\\/#\\\/schema\\\/person\\\/2e4bb3fc7e673b4ad9b16953c9457762\"},\"headline\":\"\u00cdgy \u00e9p\u00edts be egy f\u00e9rfi zak\u00f3t az \u0151szi ruhat\u00e1radba, ha unod a sima fekete bl\u00e9zert\",\"datePublished\":\"2026-08-29T14:00:18+00:00\",\"dateModified\":\"2026-08-29T14:00:20+00:00\",\"mainEntityOfPage\":{\"@id\":\"https:\\\/\\\/marado.hu\\\/igy-epits-be-egy-ferfi-zakot-az-oszi-ruhataradba-ha-unod-a-sima-fekete-blezert\\\/\"},\"wordCount\":1072,\"publisher\":{\"@id\":\"https:\\\/\\\/marado.hu\\\/#organization\"},\"image\":{\"@id\":\"https:\\\/\\\/marado.hu\\\/igy-epits-be-egy-ferfi-zakot-az-oszi-ruhataradba-ha-unod-a-sima-fekete-blezert\\\/#primaryimage\"},\"thumbnailUrl\":\"https:\\\/\\\/marado.hu\\\/wp-content\\\/uploads\\\/2026\\\/08\\\/Nevtelen-terv-1-1024x683.png\",\"keywords\":[\"fenntarthat\u00f3 divat\",\"gardr\u00f3b\u00e9p\u00edt\u00e9s\",\"minimalista gardr\u00f3b\",\"n\u0151i st\u00edlus\",\"\u0151sz t\u00e9l\",\"st\u00edlusnapl\u00f3\",\"vintage ruha\"],\"articleSection\":[\"Inspir\u00e1ci\u00f3\",\"Kapszulagardr\u00f3b\"],\"inLanguage\":\"en-US\"},{\"@type\":\"WebPage\",\"@id\":\"https:\\\/\\\/marado.hu\\\/igy-epits-be-egy-ferfi-zakot-az-oszi-ruhataradba-ha-unod-a-sima-fekete-blezert\\\/\",\"url\":\"https:\\\/\\\/marado.hu\\\/igy-epits-be-egy-ferfi-zakot-az-oszi-ruhataradba-ha-unod-a-sima-fekete-blezert\\\/\",\"name\":\"\u00cdgy \u00e9p\u00edts be egy f\u00e9rfi zak\u00f3t az \u0151szi ruhat\u00e1radba, ha unod a sima fekete bl\u00e9zert | marad\u00f3.\",\"isPartOf\":{\"@id\":\"https:\\\/\\\/marado.hu\\\/#website\"},\"primaryImageOfPage\":{\"@id\":\"https:\\\/\\\/marado.hu\\\/igy-epits-be-egy-ferfi-zakot-az-oszi-ruhataradba-ha-unod-a-sima-fekete-blezert\\\/#primaryimage\"},\"image\":{\"@id\":\"https:\\\/\\\/marado.hu\\\/igy-epits-be-egy-ferfi-zakot-az-oszi-ruhataradba-ha-unod-a-sima-fekete-blezert\\\/#primaryimage\"},\"thumbnailUrl\":\"https:\\\/\\\/marado.hu\\\/wp-content\\\/uploads\\\/2026\\\/08\\\/Nevtelen-terv-1-1024x683.png\",\"datePublished\":\"2026-08-29T14:00:18+00:00\",\"dateModified\":\"2026-08-29T14:00:20+00:00\",\"description\":\"\u00cdgy \u00e9p\u00edts be egy f\u00e9rfi zak\u00f3t az \u0151szi ruhat\u00e1radba, ha unod a sima fekete bl\u00e9zert | marad\u00f3.\",\"breadcrumb\":{\"@id\":\"https:\\\/\\\/marado.hu\\\/igy-epits-be-egy-ferfi-zakot-az-oszi-ruhataradba-ha-unod-a-sima-fekete-blezert\\\/#breadcrumb\"},\"inLanguage\":\"en-US\",\"potentialAction\":[{\"@type\":\"ReadAction\",\"target\":[\"https:\\\/\\\/marado.hu\\\/igy-epits-be-egy-ferfi-zakot-az-oszi-ruhataradba-ha-unod-a-sima-fekete-blezert\\\/\"]}]},{\"@type\":\"ImageObject\",\"inLanguage\":\"en-US\",\"@id\":\"https:\\\/\\\/marado.hu\\\/igy-epits-be-egy-ferfi-zakot-az-oszi-ruhataradba-ha-unod-a-sima-fekete-blezert\\\/#primaryimage\",\"url\":\"https:\\\/\\\/marado.hu\\\/wp-content\\\/uploads\\\/2026\\\/08\\\/Nevtelen-terv-1-1024x683.png\",\"contentUrl\":\"https:\\\/\\\/marado.hu\\\/wp-content\\\/uploads\\\/2026\\\/08\\\/Nevtelen-terv-1-1024x683.png\"},{\"@type\":\"BreadcrumbList\",\"@id\":\"https:\\\/\\\/marado.hu\\\/igy-epits-be-egy-ferfi-zakot-az-oszi-ruhataradba-ha-unod-a-sima-fekete-blezert\\\/#breadcrumb\",\"itemListElement\":[{\"@type\":\"ListItem\",\"position\":1,\"name\":\"Kezd\u0151lap\",\"item\":\"https:\\\/\\\/marado.hu\\\/\"},{\"@type\":\"ListItem\",\"position\":2,\"name\":\"\u00cdgy \u00e9p\u00edts be egy f\u00e9rfi zak\u00f3t az \u0151szi ruhat\u00e1radba, ha unod a sima fekete bl\u00e9zert\"}]},{\"@type\":\"WebSite\",\"@id\":\"https:\\\/\\\/marado.hu\\\/#website\",\"url\":\"https:\\\/\\\/marado.hu\\\/\",\"name\":\"marad\u00f3.\",\"description\":\"marad\u00f3. | mert van, ami \u00f6r\u00f6k\",\"publisher\":{\"@id\":\"https:\\\/\\\/marado.hu\\\/#organization\"},\"potentialAction\":[{\"@type\":\"SearchAction\",\"target\":{\"@type\":\"EntryPoint\",\"urlTemplate\":\"https:\\\/\\\/marado.hu\\\/?s={search_term_string}\"},\"query-input\":{\"@type\":\"PropertyValueSpecification\",\"valueRequired\":true,\"valueName\":\"search_term_string\"}}],\"inLanguage\":\"en-US\"},{\"@type\":\"Organization\",\"@id\":\"https:\\\/\\\/marado.hu\\\/#organization\",\"name\":\"marad\u00f3.\",\"url\":\"https:\\\/\\\/marado.hu\\\/\",\"logo\":{\"@type\":\"ImageObject\",\"inLanguage\":\"en-US\",\"@id\":\"https:\\\/\\\/marado.hu\\\/#\\\/schema\\\/logo\\\/image\\\/\",\"url\":\"https:\\\/\\\/marado.hu\\\/wp-content\\\/uploads\\\/2026\\\/02\\\/2.png\",\"contentUrl\":\"https:\\\/\\\/marado.hu\\\/wp-content\\\/uploads\\\/2026\\\/02\\\/2.png\",\"width\":2000,\"height\":2000,\"caption\":\"marad\u00f3.\"},\"image\":{\"@id\":\"https:\\\/\\\/marado.hu\\\/#\\\/schema\\\/logo\\\/image\\\/\"},\"sameAs\":[\"https:\\\/\\\/www.facebook.com\\\/profile.php?id=61583774536538\",\"https:\\\/\\\/pinterest.com\\\/maradostyle\",\"https:\\\/\\\/instagram.com\\\/maradostyle\"]},{\"@type\":\"Person\",\"@id\":\"https:\\\/\\\/marado.hu\\\/#\\\/schema\\\/person\\\/2e4bb3fc7e673b4ad9b16953c9457762\",\"name\":\"adminMarado\",\"sameAs\":[\"https:\\\/\\\/marado.hu\"],\"url\":\"https:\\\/\\\/marado.hu\\\/en\\\/author\\\/adminmarado\\\/\"}]}<\/script>\n<!-- \/ Yoast SEO plugin. -->","yoast_head_json":{"title":"\u00cdgy \u00e9p\u00edts be egy f\u00e9rfi zak\u00f3t az \u0151szi ruhat\u00e1radba, ha unod a sima fekete bl\u00e9zert | marad\u00f3.","description":"\u00cdgy \u00e9p\u00edts be egy f\u00e9rfi zak\u00f3t az \u0151szi ruhat\u00e1radba, ha unod a sima fekete bl\u00e9zert | marad\u00f3.","robots":{"index":"index","follow":"follow","max-snippet":"max-snippet:-1","max-image-preview":"max-image-preview:large","max-video-preview":"max-video-preview:-1"},"canonical":"https:\/\/marado.hu\/en\/igy-epits-be-egy-ferfi-zakot-az-oszi-ruhataradba-ha-unod-a-sima-fekete-blezert\/","og_locale":"en_US","og_type":"article","og_title":"\u00cdgy \u00e9p\u00edts be egy f\u00e9rfi zak\u00f3t az \u0151szi ruhat\u00e1radba, ha unod a sima fekete bl\u00e9zert | marad\u00f3.","og_description":"\u00cdgy \u00e9p\u00edts be egy f\u00e9rfi zak\u00f3t az \u0151szi ruhat\u00e1radba, ha unod a sima fekete bl\u00e9zert | marad\u00f3.","og_url":"https:\/\/marado.hu\/en\/igy-epits-be-egy-ferfi-zakot-az-oszi-ruhataradba-ha-unod-a-sima-fekete-blezert\/","og_site_name":"marad\u00f3.","article_publisher":"https:\/\/www.facebook.com\/profile.php?id=61583774536538","article_published_time":"2026-08-29T14:00:18+00:00","article_modified_time":"2026-08-29T14:00:20+00:00","og_image":[{"width":1024,"height":683,"url":"https:\/\/marado.hu\/wp-content\/uploads\/2026\/08\/Nevtelen-terv-1-1024x683.png","type":"image\/png"}],"author":"adminMarado","twitter_card":"summary_large_image","twitter_misc":{"Written by":"adminMarado","Est. reading time":"5 minutes"},"schema":{"@context":"https:\/\/schema.org","@graph":[{"@type":"Article","@id":"https:\/\/marado.hu\/igy-epits-be-egy-ferfi-zakot-az-oszi-ruhataradba-ha-unod-a-sima-fekete-blezert\/#article","isPartOf":{"@id":"https:\/\/marado.hu\/igy-epits-be-egy-ferfi-zakot-az-oszi-ruhataradba-ha-unod-a-sima-fekete-blezert\/"},"author":{"name":"adminMarado","@id":"https:\/\/marado.hu\/#\/schema\/person\/2e4bb3fc7e673b4ad9b16953c9457762"},"headline":"\u00cdgy \u00e9p\u00edts be egy f\u00e9rfi zak\u00f3t az \u0151szi ruhat\u00e1radba, ha unod a sima fekete bl\u00e9zert","datePublished":"2026-08-29T14:00:18+00:00","dateModified":"2026-08-29T14:00:20+00:00","mainEntityOfPage":{"@id":"https:\/\/marado.hu\/igy-epits-be-egy-ferfi-zakot-az-oszi-ruhataradba-ha-unod-a-sima-fekete-blezert\/"},"wordCount":1072,"publisher":{"@id":"https:\/\/marado.hu\/#organization"},"image":{"@id":"https:\/\/marado.hu\/igy-epits-be-egy-ferfi-zakot-az-oszi-ruhataradba-ha-unod-a-sima-fekete-blezert\/#primaryimage"},"thumbnailUrl":"https:\/\/marado.hu\/wp-content\/uploads\/2026\/08\/Nevtelen-terv-1-1024x683.png","keywords":["fenntarthat\u00f3 divat","gardr\u00f3b\u00e9p\u00edt\u00e9s","minimalista gardr\u00f3b","n\u0151i st\u00edlus","\u0151sz t\u00e9l","st\u00edlusnapl\u00f3","vintage ruha"],"articleSection":["Inspir\u00e1ci\u00f3","Kapszulagardr\u00f3b"],"inLanguage":"en-US"},{"@type":"WebPage","@id":"https:\/\/marado.hu\/igy-epits-be-egy-ferfi-zakot-az-oszi-ruhataradba-ha-unod-a-sima-fekete-blezert\/","url":"https:\/\/marado.hu\/igy-epits-be-egy-ferfi-zakot-az-oszi-ruhataradba-ha-unod-a-sima-fekete-blezert\/","name":"\u00cdgy \u00e9p\u00edts be egy f\u00e9rfi zak\u00f3t az \u0151szi ruhat\u00e1radba, ha unod a sima fekete bl\u00e9zert | marad\u00f3.","isPartOf":{"@id":"https:\/\/marado.hu\/#website"},"primaryImageOfPage":{"@id":"https:\/\/marado.hu\/igy-epits-be-egy-ferfi-zakot-az-oszi-ruhataradba-ha-unod-a-sima-fekete-blezert\/#primaryimage"},"image":{"@id":"https:\/\/marado.hu\/igy-epits-be-egy-ferfi-zakot-az-oszi-ruhataradba-ha-unod-a-sima-fekete-blezert\/#primaryimage"},"thumbnailUrl":"https:\/\/marado.hu\/wp-content\/uploads\/2026\/08\/Nevtelen-terv-1-1024x683.png","datePublished":"2026-08-29T14:00:18+00:00","dateModified":"2026-08-29T14:00:20+00:00","description":"\u00cdgy \u00e9p\u00edts be egy f\u00e9rfi zak\u00f3t az \u0151szi ruhat\u00e1radba, ha unod a sima fekete bl\u00e9zert | marad\u00f3.","breadcrumb":{"@id":"https:\/\/marado.hu\/igy-epits-be-egy-ferfi-zakot-az-oszi-ruhataradba-ha-unod-a-sima-fekete-blezert\/#breadcrumb"},"inLanguage":"en-US","potentialAction":[{"@type":"ReadAction","target":["https:\/\/marado.hu\/igy-epits-be-egy-ferfi-zakot-az-oszi-ruhataradba-ha-unod-a-sima-fekete-blezert\/"]}]},{"@type":"ImageObject","inLanguage":"en-US","@id":"https:\/\/marado.hu\/igy-epits-be-egy-ferfi-zakot-az-oszi-ruhataradba-ha-unod-a-sima-fekete-blezert\/#primaryimage","url":"https:\/\/marado.hu\/wp-content\/uploads\/2026\/08\/Nevtelen-terv-1-1024x683.png","contentUrl":"https:\/\/marado.hu\/wp-content\/uploads\/2026\/08\/Nevtelen-terv-1-1024x683.png"},{"@type":"BreadcrumbList","@id":"https:\/\/marado.hu\/igy-epits-be-egy-ferfi-zakot-az-oszi-ruhataradba-ha-unod-a-sima-fekete-blezert\/#breadcrumb","itemListElement":[{"@type":"ListItem","position":1,"name":"Kezd\u0151lap","item":"https:\/\/marado.hu\/"},{"@type":"ListItem","position":2,"name":"\u00cdgy \u00e9p\u00edts be egy f\u00e9rfi zak\u00f3t az \u0151szi ruhat\u00e1radba, ha unod a sima fekete bl\u00e9zert"}]},{"@type":"WebSite","@id":"https:\/\/marado.hu\/#website","url":"https:\/\/marado.hu\/","name":"marad\u00f3.","description":"marad\u00f3. | some things are eternal","publisher":{"@id":"https:\/\/marado.hu\/#organization"},"potentialAction":[{"@type":"SearchAction","target":{"@type":"EntryPoint","urlTemplate":"https:\/\/marado.hu\/?s={search_term_string}"},"query-input":{"@type":"PropertyValueSpecification","valueRequired":true,"valueName":"search_term_string"}}],"inLanguage":"en-US"},{"@type":"Organization","@id":"https:\/\/marado.hu\/#organization","name":"marad\u00f3.","url":"https:\/\/marado.hu\/","logo":{"@type":"ImageObject","inLanguage":"en-US","@id":"https:\/\/marado.hu\/#\/schema\/logo\/image\/","url":"https:\/\/marado.hu\/wp-content\/uploads\/2026\/02\/2.png","contentUrl":"https:\/\/marado.hu\/wp-content\/uploads\/2026\/02\/2.png","width":2000,"height":2000,"caption":"marad\u00f3."},"image":{"@id":"https:\/\/marado.hu\/#\/schema\/logo\/image\/"},"sameAs":["https:\/\/www.facebook.com\/profile.php?id=61583774536538","https:\/\/pinterest.com\/maradostyle","https:\/\/instagram.com\/maradostyle"]},{"@type":"Person","@id":"https:\/\/marado.hu\/#\/schema\/person\/2e4bb3fc7e673b4ad9b16953c9457762","name":"adminMarado","sameAs":["https:\/\/marado.hu"],"url":"https:\/\/marado.hu\/en\/author\/adminmarado\/"}]}},"jetpack_sharing_enabled":true,"jetpack_featured_media_url":"","_links":{"self":[{"href":"https:\/\/marado.hu\/en\/wp-json\/wp\/v2\/posts\/1636","targetHints":{"allow":["GET"]}}],"collection":[{"href":"https:\/\/marado.hu\/en\/wp-json\/wp\/v2\/posts"}],"about":[{"href":"https:\/\/marado.hu\/en\/wp-json\/wp\/v2\/types\/post"}],"author":[{"embeddable":true,"href":"https:\/\/marado.hu\/en\/wp-json\/wp\/v2\/users\/1"}],"replies":[{"embeddable":true,"href":"https:\/\/marado.hu\/en\/wp-json\/wp\/v2\/comments?post=1636"}],"version-history":[{"count":1,"href":"https:\/\/marado.hu\/en\/wp-json\/wp\/v2\/posts\/1636\/revisions"}],"predecessor-version":[{"id":1641,"href":"https:\/\/marado.hu\/en\/wp-json\/wp\/v2\/posts\/1636\/revisions\/1641"}],"wp:attachment":[{"href":"https:\/\/marado.hu\/en\/wp-json\/wp\/v2\/media?parent=1636"}],"wp:term":[{"taxonomy":"category","embeddable":true,"href":"https:\/\/marado.hu\/en\/wp-json\/wp\/v2\/categories?post=1636"},{"taxonomy":"post_tag","embeddable":true,"href":"https:\/\/marado.hu\/en\/wp-json\/wp\/v2\/tags?post=1636"}],"curies":[{"name":"wp","href":"https:\/\/api.w.org\/{rel}","templated":true}]}}