{"id":1605,"date":"2026-08-06T16:56:52","date_gmt":"2026-08-06T16:56:52","guid":{"rendered":"https:\/\/marado.hu\/miert-erdemes-a-menyecske-kalendarium-digitalis-valtozatat-valasztanod\/"},"modified":"2026-08-06T16:57:33","modified_gmt":"2026-08-06T16:57:33","slug":"miert-erdemes-a-menyecske-kalendarium-digitalis-valtozatat-valasztanod","status":"publish","type":"post","link":"https:\/\/marado.hu\/en\/miert-erdemes-a-menyecske-kalendarium-digitalis-valtozatat-valasztanod\/","title":{"rendered":"Mi\u00e9rt \u00e9rdemes a Menyecske-Kalend\u00e1rium digit\u00e1lis v\u00e1ltozat\u00e1t v\u00e1lasztanod?"},"content":{"rendered":"<div class=\"wp-block-cover is-light\"><span aria-hidden=\"true\" class=\"wp-block-cover__background has-background-dim\"><\/span><img loading=\"lazy\" decoding=\"async\" width=\"1024\" height=\"1024\" class=\"wp-block-cover__image-background wp-image-1603\" src=\"https:\/\/marado.hu\/wp-content\/uploads\/2026\/08\/tablet3-1-1024x1024.png\" data-object-fit=\"cover\" srcset=\"https:\/\/marado.hu\/wp-content\/uploads\/2026\/08\/tablet3-1-1024x1024.png 1024w, https:\/\/marado.hu\/wp-content\/uploads\/2026\/08\/tablet3-1-250x250.png 250w, https:\/\/marado.hu\/wp-content\/uploads\/2026\/08\/tablet3-1-100x100.png 100w, https:\/\/marado.hu\/wp-content\/uploads\/2026\/08\/tablet3-1-600x600.png 600w, https:\/\/marado.hu\/wp-content\/uploads\/2026\/08\/tablet3-1-300x300.png 300w, https:\/\/marado.hu\/wp-content\/uploads\/2026\/08\/tablet3-1-150x150.png 150w, https:\/\/marado.hu\/wp-content\/uploads\/2026\/08\/tablet3-1-768x768.png 768w, https:\/\/marado.hu\/wp-content\/uploads\/2026\/08\/tablet3-1-12x12.png 12w, https:\/\/marado.hu\/wp-content\/uploads\/2026\/08\/tablet3-1-75x75.png 75w, https:\/\/marado.hu\/wp-content\/uploads\/2026\/08\/tablet3-1.png 1080w\" sizes=\"auto, (max-width: 1024px) 100vw, 1024px\" \/><div class=\"wp-block-cover__inner-container is-layout-constrained wp-block-cover-is-layout-constrained\">\n<p class=\"has-text-align-center wp-block-paragraph\"><\/p>\n<\/div><\/div>\n\n\n\n<p class=\"wp-block-paragraph\"><\/p>\n\n\n\n<p class=\"p3 wp-block-paragraph\">Van, hogy egy k\u00f6nyv pont akkor tal\u00e1l meg minket, amikor a legnagyobb sz\u00fcks\u00e9g\u00fcnk van r\u00e1. Ilyen lehet a Menyecske-Kalend\u00e1rium is!<\/p>\n\n\n\n<p class=\"p3 wp-block-paragraph\">Tal\u00e1n m\u00e1r csak n\u00e9h\u00e1ny nap van az esk\u00fcv\u0151dig. Tal\u00e1n m\u00e1r minden k\u00e9szen \u00e1ll, m\u00e9gis \u00fagy \u00e9rzed, j\u00f3 lenne n\u00e9ha meg\u00e1llni egy pillanatra. Nem a dekor\u00e1ci\u00f3n vagy az \u00fcltet\u00e9si renden gondolkodni, hanem azon, hogy mire is k\u00e9sz\u00fclsz val\u00f3j\u00e1ban.<\/p>\n\n\n\n<p class=\"p3 wp-block-paragraph\">Ilyenkor k\u00fcl\u00f6n\u00f6sen j\u00f3, hogy a Menyecske-Kalend\u00e1rium digit\u00e1lis v\u00e1ltozat\u00e1ra nem kell v\u00e1rni.<\/p>\n\n\n\n<p class=\"p3 wp-block-paragraph\">A v\u00e1s\u00e1rl\u00e1s ut\u00e1n n\u00e9h\u00e1ny perccel m\u00e1r n\u00e1lad lehet, \u00e9s m\u00e9g aznap elkezdheted az utaz\u00e1st, amelyre k\u00e9sz\u00fclt: az esk\u00fcv\u0151 el\u0151tti napok csendesebb, m\u00e9lyebb meg\u00e9l\u00e9s\u00e9t.<\/p>\n\n\n\n<p class=\"p4 wp-block-paragraph\"><strong>Nem kell megv\u00e1rnod, am\u00edg meg\u00e9rkezik a csomag. M\u00e1r ma este elkezdheted.<\/strong><\/p>\n\n\n\n<h2 class=\"wp-block-heading\"><strong>Ott van, ahol te is<\/strong><\/h2>\n\n\n\n<p class=\"p3 wp-block-paragraph\">A telefonod szinte mindig veled van. Reggel, amikor fel\u00e9bredsz. Napk\u00f6zben k\u00e9t teend\u0151 k\u00f6z\u00f6tt. Este, amikor v\u00e9gre elcsendesedik a nap.<\/p>\n\n\n\n<p class=\"p3 wp-block-paragraph\">A digit\u00e1lis Menyecske-Kalend\u00e1rium is elk\u00eds\u00e9r ezekbe a pillanatokba.<\/p>\n\n\n\n<p class=\"p3 wp-block-paragraph\">Nem kell k\u00fcl\u00f6n helyet keresned neki a t\u00e1sk\u00e1dban, nem kell att\u00f3l tartanod, hogy otthon maradt. Csak megnyitod, amikor sz\u00fcks\u00e9ged van r\u00e1.<\/p>\n\n\n\n<p class=\"p3 wp-block-paragraph\">N\u00e9h\u00e1ny perc olvas\u00e1s. Egy igevers. Egy k\u00e9rd\u00e9s. Egy r\u00f6vid ima.<\/p>\n\n\n\n<p class=\"p3 wp-block-paragraph\">N\u00e9ha ennyi is el\u00e9g ahhoz, hogy \u00fajra eml\u00e9kezz arra, mi\u00e9rt v\u00e1rj\u00e1tok annyira azt a bizonyos napot.<\/p>\n\n\n\n<h2 class=\"wp-block-heading\"><strong>Ugyanaz a tartalom, kompakt kiad\u00e1s<\/strong><\/h2>\n\n\n\n<p class=\"p3 wp-block-paragraph\">Felmer\u00fclhet Benned a k\u00e9rd\u00e9s, hogy a digit\u00e1lis v\u00e1ltozat vajon kevesebbet ad-e.<\/p>\n\n\n\n<p class=\"p3 wp-block-paragraph\">A v\u00e1lasz: nem.<\/p>\n\n\n\n<p class=\"p3 wp-block-paragraph\">Ugyanazok az igeversek, ugyanazok a gondolatok, ugyanazok a k\u00e9rd\u00e9sek \u00e9s ugyanaz a sz\u00e1nd\u00e9k k\u00eds\u00e9ri v\u00e9gig ezt a verzi\u00f3t is.<\/p>\n\n\n\n<p class=\"p3 wp-block-paragraph\">Hiszen a Menyecske-Kalend\u00e1rium val\u00f3di \u00e9rt\u00e9k\u00e9t nem a pap\u00edr adja, hanem az a n\u00e9h\u00e1ny perc, amit minden nap magadra, Istenre \u00e9s a k\u00e9sz\u00fcl\u0151 h\u00e1zass\u00e1godra sz\u00e1nsz.<\/p>\n\n\n\n<h2 class=\"wp-block-heading\"><strong>T\u00f6bb mint egy digit\u00e1lis kiadv\u00e1ny<\/strong><\/h2>\n\n\n\n<p class=\"p3 wp-block-paragraph\">A Menyecske-Kalend\u00e1rium nem esk\u00fcv\u0151szervez\u0151.<\/p>\n\n\n\n<p class=\"p3 wp-block-paragraph\">Nem hat\u00e1rid\u0151napl\u00f3.<\/p>\n\n\n\n<p class=\"p3 wp-block-paragraph\">Nem egy \u00fajabb lista a teend\u0151idr\u0151l.<\/p>\n\n\n\n<p class=\"p3 wp-block-paragraph\">\u00c9ppen ellenkez\u0151leg.<\/p>\n\n\n\n<p class=\"p3 wp-block-paragraph\">Amikor minden arra eml\u00e9keztet, hogy m\u00e9g mit kell elint\u00e9zned, ez a n\u00e9h\u00e1ny oldal arra h\u00edv, hogy egy pillanatra meg\u00e1llj.<\/p>\n\n\n\n<p class=\"p3 wp-block-paragraph\">Hogy ne csak az esk\u00fcv\u0151d r\u00e9szleteire figyelj, hanem arra is, milyen alapokra \u00e9p\u00fcl majd a h\u00e1zass\u00e1gotok.<\/p>\n\n\n\n<p class=\"p3 wp-block-paragraph\">Ez\u00e9rt minden nap tal\u00e1lsz benne igeverseket, elgondolkodtat\u00f3 k\u00e9rd\u00e9seket \u00e9s r\u00f6vid feladatokat amelyek seg\u00edtenek \u00fajra \u00e9s \u00fajra a l\u00e9nyegre ir\u00e1ny\u00edtani a figyelmedet.<\/p>\n\n\n\n<h2 class=\"wp-block-heading\"><strong>Akkor is j\u00f3 v\u00e1laszt\u00e1s, ha\u2026<\/strong><\/h2>\n\n\n\n<p class=\"p3 wp-block-paragraph\">\u2026m\u00e1r k\u00f6zel az esk\u00fcv\u0151.<\/p>\n\n\n\n<p class=\"p3 wp-block-paragraph\">\u2026k\u00fclf\u00f6ld\u00f6n \u00e9lsz.<\/p>\n\n\n\n<p class=\"p3 wp-block-paragraph\">\u2026szeretsz telefonon vagy tableten olvasni.<\/p>\n\n\n\n<p class=\"p3 wp-block-paragraph\">\u2026nem szeretn\u00e9l a sz\u00e1ll\u00edt\u00e1sra v\u00e1rni.<\/p>\n\n\n\n<p class=\"p3 wp-block-paragraph\">\u2026vagy egyszer\u0171en csak azt \u00e9rzed, hogy most, ebben a pillanatban van r\u00e1 sz\u00fcks\u00e9ged.<\/p>\n\n\n\n<p class=\"p3 wp-block-paragraph\">Mert vannak dolgok, amelyekre nem szeretn\u00e9nk napokat v\u00e1rni.<\/p>\n\n\n\n<h2 class=\"wp-block-heading\"><strong>Egy kicsit k\u00f6zelebb ahhoz, ami igaz\u00e1n fontos<\/strong><\/h2>\n\n\n\n<p class=\"p3 wp-block-paragraph\">Az esk\u00fcv\u0151 el\u0151tti id\u0151szak k\u00f6nnyen megtelik feladatokkal.<\/p>\n\n\n\n<p class=\"p3 wp-block-paragraph\">A Menyecske-Kalend\u00e1rium digit\u00e1lis v\u00e1ltozata nem szeretne m\u00e9g egyet hozz\u00e1adni ezekhez.<\/p>\n\n\n\n<p class=\"p3 wp-block-paragraph\">\u00c9ppen ellenkez\u0151leg.<\/p>\n\n\n\n<p class=\"p3 wp-block-paragraph\">Arra h\u00edv, hogy naponta n\u00e9h\u00e1ny percre letedd a teend\u0151idet, elcsendesedj, \u00e9s eml\u00e9keztesd magad arra, hogy az esk\u00fcv\u0151 csak egy nap.<\/p>\n\n\n\n<p class=\"p3 wp-block-paragraph\">A h\u00e1zass\u00e1g viszont egy \u00e9letre sz\u00f3l.<\/p>\n\n\n\n<p class=\"p4 wp-block-paragraph\"><strong>Az esk\u00fcv\u0151d napja egyszer elj\u00f6n \u00e9s v\u00e9get is \u00e9r.<\/strong><\/p>\n\n\n\n<p class=\"p4 wp-block-paragraph\"><strong>Az a n\u0151 azonban, aki az olt\u00e1r el\u00e9 \u00e1ll, m\u00e1r ma form\u00e1l\u00f3dik \u00e9s sosem hagyja abba a fejl\u0151d\u00e9st.<\/strong><\/p>\n\n\n\n<p class=\"p5 wp-block-paragraph\">Ha szeretn\u00e9l naponta n\u00e9h\u00e1ny percet arra sz\u00e1nni, hogy ne csak az esk\u00fcv\u0151dre, hanem a h\u00e1zass\u00e1godra is k\u00e9sz\u00fclj, a Menyecske-Kalend\u00e1rium digit\u00e1lis v\u00e1ltozata m\u00e1r ma veled lehet.<\/p>\n\n\n\n<p class=\"wp-block-paragraph\"><\/p>","protected":false},"excerpt":{"rendered":"<p>Van, hogy egy k\u00f6nyv pont akkor tal\u00e1l meg minket, amikor a legnagyobb sz\u00fcks\u00e9g\u00fcnk van r\u00e1. Ilyen lehet a Menyecske-Kalend\u00e1rium is! Tal\u00e1n m\u00e1r csak n\u00e9h\u00e1ny nap van az esk\u00fcv\u0151dig. Tal\u00e1n m\u00e1r minden k\u00e9szen \u00e1ll, m\u00e9gis \u00fagy \u00e9rzed, j\u00f3 lenne n\u00e9ha meg\u00e1llni egy pillanatra. Nem a dekor\u00e1ci\u00f3n vagy az \u00fcltet\u00e9si renden gondolkodni, hanem azon, hogy mire is k\u00e9sz\u00fclsz val\u00f3j\u00e1ban. Ilyenkor k\u00fcl\u00f6n\u00f6sen j\u00f3, hogy a Menyecske-Kalend\u00e1rium digit\u00e1lis v\u00e1ltozat\u00e1ra nem kell v\u00e1rni. A v\u00e1s\u00e1rl\u00e1s ut\u00e1n n\u00e9h\u00e1ny perccel m\u00e1r n\u00e1lad lehet, \u00e9s m\u00e9g aznap elkezdheted az utaz\u00e1st, amelyre k\u00e9sz\u00fclt: az esk\u00fcv\u0151 el\u0151tti napok csendesebb, m\u00e9lyebb meg\u00e9l\u00e9s\u00e9t. Nem kell megv\u00e1rnod, am\u00edg meg\u00e9rkezik a csomag. M\u00e1r ma este elkezdheted. Ott van, ahol te is A telefonod szinte mindig veled van. Reggel, amikor fel\u00e9bredsz. Napk\u00f6zben k\u00e9t teend\u0151 k\u00f6z\u00f6tt. Este, amikor v\u00e9gre elcsendesedik a nap. A digit\u00e1lis Menyecske-Kalend\u00e1rium is elk\u00eds\u00e9r ezekbe a pillanatokba. Nem kell k\u00fcl\u00f6n helyet keresned neki a t\u00e1sk\u00e1dban, nem kell att\u00f3l tartanod, hogy otthon maradt. Csak megnyitod, amikor sz\u00fcks\u00e9ged van r\u00e1. N\u00e9h\u00e1ny perc olvas\u00e1s. Egy igevers. Egy k\u00e9rd\u00e9s. Egy r\u00f6vid ima. N\u00e9ha ennyi is el\u00e9g ahhoz, hogy \u00fajra eml\u00e9kezz arra, mi\u00e9rt v\u00e1rj\u00e1tok annyira azt a bizonyos napot. Ugyanaz a tartalom, kompakt kiad\u00e1s Felmer\u00fclhet Benned a k\u00e9rd\u00e9s, hogy a digit\u00e1lis v\u00e1ltozat vajon kevesebbet ad-e. A v\u00e1lasz: nem. Ugyanazok az igeversek, ugyanazok a gondolatok, ugyanazok a k\u00e9rd\u00e9sek \u00e9s ugyanaz a sz\u00e1nd\u00e9k k\u00eds\u00e9ri v\u00e9gig ezt a verzi\u00f3t is. Hiszen a Menyecske-Kalend\u00e1rium val\u00f3di \u00e9rt\u00e9k\u00e9t nem a pap\u00edr adja, hanem az a n\u00e9h\u00e1ny perc, amit minden nap magadra, Istenre \u00e9s a k\u00e9sz\u00fcl\u0151 h\u00e1zass\u00e1godra sz\u00e1nsz. T\u00f6bb mint egy digit\u00e1lis kiadv\u00e1ny A Menyecske-Kalend\u00e1rium nem esk\u00fcv\u0151szervez\u0151. Nem hat\u00e1rid\u0151napl\u00f3. Nem egy \u00fajabb lista a teend\u0151idr\u0151l. \u00c9ppen ellenkez\u0151leg. Amikor minden arra eml\u00e9keztet, hogy m\u00e9g mit kell elint\u00e9zned, ez a n\u00e9h\u00e1ny oldal arra h\u00edv, hogy egy pillanatra meg\u00e1llj. Hogy ne csak az esk\u00fcv\u0151d r\u00e9szleteire figyelj, hanem arra is, milyen alapokra \u00e9p\u00fcl majd a h\u00e1zass\u00e1gotok. Ez\u00e9rt minden nap tal\u00e1lsz benne igeverseket, elgondolkodtat\u00f3 k\u00e9rd\u00e9seket \u00e9s r\u00f6vid feladatokat amelyek seg\u00edtenek \u00fajra \u00e9s \u00fajra a l\u00e9nyegre ir\u00e1ny\u00edtani a figyelmedet. Akkor is j\u00f3 v\u00e1laszt\u00e1s, ha\u2026 \u2026m\u00e1r k\u00f6zel az esk\u00fcv\u0151. \u2026k\u00fclf\u00f6ld\u00f6n \u00e9lsz. \u2026szeretsz telefonon vagy tableten olvasni. \u2026nem szeretn\u00e9l a sz\u00e1ll\u00edt\u00e1sra v\u00e1rni. \u2026vagy egyszer\u0171en csak azt \u00e9rzed, hogy most, ebben a pillanatban van r\u00e1 sz\u00fcks\u00e9ged. Mert vannak dolgok, amelyekre nem szeretn\u00e9nk napokat v\u00e1rni. Egy kicsit k\u00f6zelebb ahhoz, ami igaz\u00e1n fontos Az esk\u00fcv\u0151 el\u0151tti id\u0151szak k\u00f6nnyen megtelik feladatokkal. A Menyecske-Kalend\u00e1rium digit\u00e1lis v\u00e1ltozata nem szeretne m\u00e9g egyet hozz\u00e1adni ezekhez. \u00c9ppen ellenkez\u0151leg. Arra h\u00edv, hogy naponta n\u00e9h\u00e1ny percre letedd a teend\u0151idet, elcsendesedj, \u00e9s eml\u00e9keztesd magad arra, hogy az esk\u00fcv\u0151 csak egy nap. A h\u00e1zass\u00e1g viszont egy \u00e9letre sz\u00f3l. Az esk\u00fcv\u0151d napja egyszer elj\u00f6n \u00e9s v\u00e9get is \u00e9r. Az a n\u0151 azonban, aki az olt\u00e1r el\u00e9 \u00e1ll, m\u00e1r ma form\u00e1l\u00f3dik \u00e9s sosem hagyja abba a fejl\u0151d\u00e9st. Ha szeretn\u00e9l naponta n\u00e9h\u00e1ny percet arra sz\u00e1nni, hogy ne csak az esk\u00fcv\u0151dre, hanem a h\u00e1zass\u00e1godra is k\u00e9sz\u00fclj, a Menyecske-Kalend\u00e1rium digit\u00e1lis v\u00e1ltozata m\u00e1r ma veled lehet.<\/p>","protected":false},"author":1,"featured_media":1604,"comment_status":"closed","ping_status":"open","sticky":false,"template":"","format":"standard","meta":{"_jetpack_newsletter_access":"","_jetpack_dont_email_post_to_subs":false,"_jetpack_newsletter_tier_id":0,"_jetpack_memberships_contains_paywalled_content":false,"_jetpack_feature_clip_id":0,"_jetpack_memberships_contains_paid_content":false,"footnotes":"","jetpack_post_was_ever_published":false},"categories":[4,1,34,537],"tags":[],"class_list":["post-1605","post","type-post","status-publish","format-standard","has-post-thumbnail","hentry","category-ajandekotletek","category-inspiracio","category-inspiracio-menyasszonyoknak","category-menyecske-kalendarium-utmutato"],"yoast_head":"<!-- This site is optimized with the Yoast SEO plugin v28.4 - https:\/\/yoast.com\/product\/yoast-seo-wordpress\/ -->\n<title>Mi\u00e9rt \u00e9rdemes a Menyecske-Kalend\u00e1rium digit\u00e1lis v\u00e1ltozat\u00e1t v\u00e1lasztanod? | marad\u00f3.<\/title>\n<meta name=\"description\" content=\"Mi\u00e9rt \u00e9rdemes a Menyecske-Kalend\u00e1rium digit\u00e1lis v\u00e1ltozat\u00e1t v\u00e1lasztanod? | marad\u00f3.\" \/>\n<meta name=\"robots\" content=\"index, follow, max-snippet:-1, max-image-preview:large, max-video-preview:-1\" \/>\n<link rel=\"canonical\" href=\"https:\/\/marado.hu\/en\/miert-erdemes-a-menyecske-kalendarium-digitalis-valtozatat-valasztanod\/\" \/>\n<meta property=\"og:locale\" content=\"en_US\" \/>\n<meta property=\"og:type\" content=\"article\" \/>\n<meta property=\"og:title\" content=\"Mi\u00e9rt \u00e9rdemes a Menyecske-Kalend\u00e1rium digit\u00e1lis v\u00e1ltozat\u00e1t v\u00e1lasztanod? | marad\u00f3.\" \/>\n<meta property=\"og:description\" content=\"Mi\u00e9rt \u00e9rdemes a Menyecske-Kalend\u00e1rium digit\u00e1lis v\u00e1ltozat\u00e1t v\u00e1lasztanod? | marad\u00f3.\" \/>\n<meta property=\"og:url\" content=\"https:\/\/marado.hu\/en\/miert-erdemes-a-menyecske-kalendarium-digitalis-valtozatat-valasztanod\/\" \/>\n<meta property=\"og:site_name\" content=\"marad\u00f3.\" \/>\n<meta property=\"article:publisher\" content=\"https:\/\/www.facebook.com\/profile.php?id=61583774536538\" \/>\n<meta property=\"article:published_time\" content=\"2026-08-06T16:56:52+00:00\" \/>\n<meta property=\"article:modified_time\" content=\"2026-08-06T16:57:33+00:00\" \/>\n<meta property=\"og:image\" content=\"https:\/\/marado.hu\/wp-content\/uploads\/2026\/08\/tablet3-1-1.png\" \/>\n\t<meta property=\"og:image:width\" content=\"1080\" \/>\n\t<meta property=\"og:image:height\" content=\"1080\" \/>\n\t<meta property=\"og:image:type\" content=\"image\/png\" \/>\n<meta name=\"author\" content=\"adminMarado\" \/>\n<meta name=\"twitter:card\" content=\"summary_large_image\" \/>\n<meta name=\"twitter:label1\" content=\"Written by\" \/>\n\t<meta name=\"twitter:data1\" content=\"adminMarado\" \/>\n\t<meta name=\"twitter:label2\" content=\"Est. reading time\" \/>\n\t<meta name=\"twitter:data2\" content=\"3 minutes\" \/>\n<script type=\"application\/ld+json\" class=\"yoast-schema-graph\">{\"@context\":\"https:\\\/\\\/schema.org\",\"@graph\":[{\"@type\":\"Article\",\"@id\":\"https:\\\/\\\/marado.hu\\\/miert-erdemes-a-menyecske-kalendarium-digitalis-valtozatat-valasztanod\\\/#article\",\"isPartOf\":{\"@id\":\"https:\\\/\\\/marado.hu\\\/miert-erdemes-a-menyecske-kalendarium-digitalis-valtozatat-valasztanod\\\/\"},\"author\":{\"name\":\"adminMarado\",\"@id\":\"https:\\\/\\\/marado.hu\\\/#\\\/schema\\\/person\\\/2e4bb3fc7e673b4ad9b16953c9457762\"},\"headline\":\"Mi\u00e9rt \u00e9rdemes a Menyecske-Kalend\u00e1rium digit\u00e1lis v\u00e1ltozat\u00e1t v\u00e1lasztanod?\",\"datePublished\":\"2026-08-06T16:56:52+00:00\",\"dateModified\":\"2026-08-06T16:57:33+00:00\",\"mainEntityOfPage\":{\"@id\":\"https:\\\/\\\/marado.hu\\\/miert-erdemes-a-menyecske-kalendarium-digitalis-valtozatat-valasztanod\\\/\"},\"wordCount\":684,\"publisher\":{\"@id\":\"https:\\\/\\\/marado.hu\\\/#organization\"},\"image\":{\"@id\":\"https:\\\/\\\/marado.hu\\\/miert-erdemes-a-menyecske-kalendarium-digitalis-valtozatat-valasztanod\\\/#primaryimage\"},\"thumbnailUrl\":\"https:\\\/\\\/marado.hu\\\/wp-content\\\/uploads\\\/2026\\\/08\\\/tablet3-1-1.png\",\"articleSection\":[\"Aj\u00e1nd\u00e9k\u00f6tletek\",\"Inspir\u00e1ci\u00f3\",\"Inspir\u00e1ci\u00f3 menyasszonyoknak\",\"Menyecske-kalend\u00e1rium \u00fatmutat\u00f3\"],\"inLanguage\":\"en-US\"},{\"@type\":\"WebPage\",\"@id\":\"https:\\\/\\\/marado.hu\\\/miert-erdemes-a-menyecske-kalendarium-digitalis-valtozatat-valasztanod\\\/\",\"url\":\"https:\\\/\\\/marado.hu\\\/miert-erdemes-a-menyecske-kalendarium-digitalis-valtozatat-valasztanod\\\/\",\"name\":\"Mi\u00e9rt \u00e9rdemes a Menyecske-Kalend\u00e1rium digit\u00e1lis v\u00e1ltozat\u00e1t v\u00e1lasztanod? | marad\u00f3.\",\"isPartOf\":{\"@id\":\"https:\\\/\\\/marado.hu\\\/#website\"},\"primaryImageOfPage\":{\"@id\":\"https:\\\/\\\/marado.hu\\\/miert-erdemes-a-menyecske-kalendarium-digitalis-valtozatat-valasztanod\\\/#primaryimage\"},\"image\":{\"@id\":\"https:\\\/\\\/marado.hu\\\/miert-erdemes-a-menyecske-kalendarium-digitalis-valtozatat-valasztanod\\\/#primaryimage\"},\"thumbnailUrl\":\"https:\\\/\\\/marado.hu\\\/wp-content\\\/uploads\\\/2026\\\/08\\\/tablet3-1-1.png\",\"datePublished\":\"2026-08-06T16:56:52+00:00\",\"dateModified\":\"2026-08-06T16:57:33+00:00\",\"description\":\"Mi\u00e9rt \u00e9rdemes a Menyecske-Kalend\u00e1rium digit\u00e1lis v\u00e1ltozat\u00e1t v\u00e1lasztanod? | marad\u00f3.\",\"breadcrumb\":{\"@id\":\"https:\\\/\\\/marado.hu\\\/miert-erdemes-a-menyecske-kalendarium-digitalis-valtozatat-valasztanod\\\/#breadcrumb\"},\"inLanguage\":\"en-US\",\"potentialAction\":[{\"@type\":\"ReadAction\",\"target\":[\"https:\\\/\\\/marado.hu\\\/miert-erdemes-a-menyecske-kalendarium-digitalis-valtozatat-valasztanod\\\/\"]}]},{\"@type\":\"ImageObject\",\"inLanguage\":\"en-US\",\"@id\":\"https:\\\/\\\/marado.hu\\\/miert-erdemes-a-menyecske-kalendarium-digitalis-valtozatat-valasztanod\\\/#primaryimage\",\"url\":\"https:\\\/\\\/marado.hu\\\/wp-content\\\/uploads\\\/2026\\\/08\\\/tablet3-1-1.png\",\"contentUrl\":\"https:\\\/\\\/marado.hu\\\/wp-content\\\/uploads\\\/2026\\\/08\\\/tablet3-1-1.png\",\"width\":1080,\"height\":1080},{\"@type\":\"BreadcrumbList\",\"@id\":\"https:\\\/\\\/marado.hu\\\/miert-erdemes-a-menyecske-kalendarium-digitalis-valtozatat-valasztanod\\\/#breadcrumb\",\"itemListElement\":[{\"@type\":\"ListItem\",\"position\":1,\"name\":\"Kezd\u0151lap\",\"item\":\"https:\\\/\\\/marado.hu\\\/\"},{\"@type\":\"ListItem\",\"position\":2,\"name\":\"Mi\u00e9rt \u00e9rdemes a Menyecske-Kalend\u00e1rium digit\u00e1lis v\u00e1ltozat\u00e1t v\u00e1lasztanod?\"}]},{\"@type\":\"WebSite\",\"@id\":\"https:\\\/\\\/marado.hu\\\/#website\",\"url\":\"https:\\\/\\\/marado.hu\\\/\",\"name\":\"marad\u00f3.\",\"description\":\"marad\u00f3. | mert van, ami \u00f6r\u00f6k\",\"publisher\":{\"@id\":\"https:\\\/\\\/marado.hu\\\/#organization\"},\"potentialAction\":[{\"@type\":\"SearchAction\",\"target\":{\"@type\":\"EntryPoint\",\"urlTemplate\":\"https:\\\/\\\/marado.hu\\\/?s={search_term_string}\"},\"query-input\":{\"@type\":\"PropertyValueSpecification\",\"valueRequired\":true,\"valueName\":\"search_term_string\"}}],\"inLanguage\":\"en-US\"},{\"@type\":\"Organization\",\"@id\":\"https:\\\/\\\/marado.hu\\\/#organization\",\"name\":\"marad\u00f3.\",\"url\":\"https:\\\/\\\/marado.hu\\\/\",\"logo\":{\"@type\":\"ImageObject\",\"inLanguage\":\"en-US\",\"@id\":\"https:\\\/\\\/marado.hu\\\/#\\\/schema\\\/logo\\\/image\\\/\",\"url\":\"https:\\\/\\\/marado.hu\\\/wp-content\\\/uploads\\\/2026\\\/02\\\/2.png\",\"contentUrl\":\"https:\\\/\\\/marado.hu\\\/wp-content\\\/uploads\\\/2026\\\/02\\\/2.png\",\"width\":2000,\"height\":2000,\"caption\":\"marad\u00f3.\"},\"image\":{\"@id\":\"https:\\\/\\\/marado.hu\\\/#\\\/schema\\\/logo\\\/image\\\/\"},\"sameAs\":[\"https:\\\/\\\/www.facebook.com\\\/profile.php?id=61583774536538\",\"https:\\\/\\\/pinterest.com\\\/maradostyle\",\"https:\\\/\\\/instagram.com\\\/maradostyle\"]},{\"@type\":\"Person\",\"@id\":\"https:\\\/\\\/marado.hu\\\/#\\\/schema\\\/person\\\/2e4bb3fc7e673b4ad9b16953c9457762\",\"name\":\"adminMarado\",\"sameAs\":[\"https:\\\/\\\/marado.hu\"],\"url\":\"https:\\\/\\\/marado.hu\\\/en\\\/author\\\/adminmarado\\\/\"}]}<\/script>\n<!-- \/ Yoast SEO plugin. -->","yoast_head_json":{"title":"Mi\u00e9rt \u00e9rdemes a Menyecske-Kalend\u00e1rium digit\u00e1lis v\u00e1ltozat\u00e1t v\u00e1lasztanod? | marad\u00f3.","description":"Mi\u00e9rt \u00e9rdemes a Menyecske-Kalend\u00e1rium digit\u00e1lis v\u00e1ltozat\u00e1t v\u00e1lasztanod? | marad\u00f3.","robots":{"index":"index","follow":"follow","max-snippet":"max-snippet:-1","max-image-preview":"max-image-preview:large","max-video-preview":"max-video-preview:-1"},"canonical":"https:\/\/marado.hu\/en\/miert-erdemes-a-menyecske-kalendarium-digitalis-valtozatat-valasztanod\/","og_locale":"en_US","og_type":"article","og_title":"Mi\u00e9rt \u00e9rdemes a Menyecske-Kalend\u00e1rium digit\u00e1lis v\u00e1ltozat\u00e1t v\u00e1lasztanod? | marad\u00f3.","og_description":"Mi\u00e9rt \u00e9rdemes a Menyecske-Kalend\u00e1rium digit\u00e1lis v\u00e1ltozat\u00e1t v\u00e1lasztanod? | marad\u00f3.","og_url":"https:\/\/marado.hu\/en\/miert-erdemes-a-menyecske-kalendarium-digitalis-valtozatat-valasztanod\/","og_site_name":"marad\u00f3.","article_publisher":"https:\/\/www.facebook.com\/profile.php?id=61583774536538","article_published_time":"2026-08-06T16:56:52+00:00","article_modified_time":"2026-08-06T16:57:33+00:00","og_image":[{"width":1080,"height":1080,"url":"https:\/\/marado.hu\/wp-content\/uploads\/2026\/08\/tablet3-1-1.png","type":"image\/png"}],"author":"adminMarado","twitter_card":"summary_large_image","twitter_misc":{"Written by":"adminMarado","Est. reading time":"3 minutes"},"schema":{"@context":"https:\/\/schema.org","@graph":[{"@type":"Article","@id":"https:\/\/marado.hu\/miert-erdemes-a-menyecske-kalendarium-digitalis-valtozatat-valasztanod\/#article","isPartOf":{"@id":"https:\/\/marado.hu\/miert-erdemes-a-menyecske-kalendarium-digitalis-valtozatat-valasztanod\/"},"author":{"name":"adminMarado","@id":"https:\/\/marado.hu\/#\/schema\/person\/2e4bb3fc7e673b4ad9b16953c9457762"},"headline":"Mi\u00e9rt \u00e9rdemes a Menyecske-Kalend\u00e1rium digit\u00e1lis v\u00e1ltozat\u00e1t v\u00e1lasztanod?","datePublished":"2026-08-06T16:56:52+00:00","dateModified":"2026-08-06T16:57:33+00:00","mainEntityOfPage":{"@id":"https:\/\/marado.hu\/miert-erdemes-a-menyecske-kalendarium-digitalis-valtozatat-valasztanod\/"},"wordCount":684,"publisher":{"@id":"https:\/\/marado.hu\/#organization"},"image":{"@id":"https:\/\/marado.hu\/miert-erdemes-a-menyecske-kalendarium-digitalis-valtozatat-valasztanod\/#primaryimage"},"thumbnailUrl":"https:\/\/marado.hu\/wp-content\/uploads\/2026\/08\/tablet3-1-1.png","articleSection":["Aj\u00e1nd\u00e9k\u00f6tletek","Inspir\u00e1ci\u00f3","Inspir\u00e1ci\u00f3 menyasszonyoknak","Menyecske-kalend\u00e1rium \u00fatmutat\u00f3"],"inLanguage":"en-US"},{"@type":"WebPage","@id":"https:\/\/marado.hu\/miert-erdemes-a-menyecske-kalendarium-digitalis-valtozatat-valasztanod\/","url":"https:\/\/marado.hu\/miert-erdemes-a-menyecske-kalendarium-digitalis-valtozatat-valasztanod\/","name":"Mi\u00e9rt \u00e9rdemes a Menyecske-Kalend\u00e1rium digit\u00e1lis v\u00e1ltozat\u00e1t v\u00e1lasztanod? | marad\u00f3.","isPartOf":{"@id":"https:\/\/marado.hu\/#website"},"primaryImageOfPage":{"@id":"https:\/\/marado.hu\/miert-erdemes-a-menyecske-kalendarium-digitalis-valtozatat-valasztanod\/#primaryimage"},"image":{"@id":"https:\/\/marado.hu\/miert-erdemes-a-menyecske-kalendarium-digitalis-valtozatat-valasztanod\/#primaryimage"},"thumbnailUrl":"https:\/\/marado.hu\/wp-content\/uploads\/2026\/08\/tablet3-1-1.png","datePublished":"2026-08-06T16:56:52+00:00","dateModified":"2026-08-06T16:57:33+00:00","description":"Mi\u00e9rt \u00e9rdemes a Menyecske-Kalend\u00e1rium digit\u00e1lis v\u00e1ltozat\u00e1t v\u00e1lasztanod? | marad\u00f3.","breadcrumb":{"@id":"https:\/\/marado.hu\/miert-erdemes-a-menyecske-kalendarium-digitalis-valtozatat-valasztanod\/#breadcrumb"},"inLanguage":"en-US","potentialAction":[{"@type":"ReadAction","target":["https:\/\/marado.hu\/miert-erdemes-a-menyecske-kalendarium-digitalis-valtozatat-valasztanod\/"]}]},{"@type":"ImageObject","inLanguage":"en-US","@id":"https:\/\/marado.hu\/miert-erdemes-a-menyecske-kalendarium-digitalis-valtozatat-valasztanod\/#primaryimage","url":"https:\/\/marado.hu\/wp-content\/uploads\/2026\/08\/tablet3-1-1.png","contentUrl":"https:\/\/marado.hu\/wp-content\/uploads\/2026\/08\/tablet3-1-1.png","width":1080,"height":1080},{"@type":"BreadcrumbList","@id":"https:\/\/marado.hu\/miert-erdemes-a-menyecske-kalendarium-digitalis-valtozatat-valasztanod\/#breadcrumb","itemListElement":[{"@type":"ListItem","position":1,"name":"Kezd\u0151lap","item":"https:\/\/marado.hu\/"},{"@type":"ListItem","position":2,"name":"Mi\u00e9rt \u00e9rdemes a Menyecske-Kalend\u00e1rium digit\u00e1lis v\u00e1ltozat\u00e1t v\u00e1lasztanod?"}]},{"@type":"WebSite","@id":"https:\/\/marado.hu\/#website","url":"https:\/\/marado.hu\/","name":"marad\u00f3.","description":"marad\u00f3. | some things are eternal","publisher":{"@id":"https:\/\/marado.hu\/#organization"},"potentialAction":[{"@type":"SearchAction","target":{"@type":"EntryPoint","urlTemplate":"https:\/\/marado.hu\/?s={search_term_string}"},"query-input":{"@type":"PropertyValueSpecification","valueRequired":true,"valueName":"search_term_string"}}],"inLanguage":"en-US"},{"@type":"Organization","@id":"https:\/\/marado.hu\/#organization","name":"marad\u00f3.","url":"https:\/\/marado.hu\/","logo":{"@type":"ImageObject","inLanguage":"en-US","@id":"https:\/\/marado.hu\/#\/schema\/logo\/image\/","url":"https:\/\/marado.hu\/wp-content\/uploads\/2026\/02\/2.png","contentUrl":"https:\/\/marado.hu\/wp-content\/uploads\/2026\/02\/2.png","width":2000,"height":2000,"caption":"marad\u00f3."},"image":{"@id":"https:\/\/marado.hu\/#\/schema\/logo\/image\/"},"sameAs":["https:\/\/www.facebook.com\/profile.php?id=61583774536538","https:\/\/pinterest.com\/maradostyle","https:\/\/instagram.com\/maradostyle"]},{"@type":"Person","@id":"https:\/\/marado.hu\/#\/schema\/person\/2e4bb3fc7e673b4ad9b16953c9457762","name":"adminMarado","sameAs":["https:\/\/marado.hu"],"url":"https:\/\/marado.hu\/en\/author\/adminmarado\/"}]}},"jetpack_sharing_enabled":true,"jetpack_featured_media_url":"https:\/\/marado.hu\/wp-content\/uploads\/2026\/08\/tablet3-1-1.png","_links":{"self":[{"href":"https:\/\/marado.hu\/en\/wp-json\/wp\/v2\/posts\/1605","targetHints":{"allow":["GET"]}}],"collection":[{"href":"https:\/\/marado.hu\/en\/wp-json\/wp\/v2\/posts"}],"about":[{"href":"https:\/\/marado.hu\/en\/wp-json\/wp\/v2\/types\/post"}],"author":[{"embeddable":true,"href":"https:\/\/marado.hu\/en\/wp-json\/wp\/v2\/users\/1"}],"replies":[{"embeddable":true,"href":"https:\/\/marado.hu\/en\/wp-json\/wp\/v2\/comments?post=1605"}],"version-history":[{"count":1,"href":"https:\/\/marado.hu\/en\/wp-json\/wp\/v2\/posts\/1605\/revisions"}],"predecessor-version":[{"id":1606,"href":"https:\/\/marado.hu\/en\/wp-json\/wp\/v2\/posts\/1605\/revisions\/1606"}],"wp:featuredmedia":[{"embeddable":true,"href":"https:\/\/marado.hu\/en\/wp-json\/wp\/v2\/media\/1604"}],"wp:attachment":[{"href":"https:\/\/marado.hu\/en\/wp-json\/wp\/v2\/media?parent=1605"}],"wp:term":[{"taxonomy":"category","embeddable":true,"href":"https:\/\/marado.hu\/en\/wp-json\/wp\/v2\/categories?post=1605"},{"taxonomy":"post_tag","embeddable":true,"href":"https:\/\/marado.hu\/en\/wp-json\/wp\/v2\/tags?post=1605"}],"curies":[{"name":"wp","href":"https:\/\/api.w.org\/{rel}","templated":true}]}}