{"id":1421,"date":"2026-06-03T08:50:00","date_gmt":"2026-06-03T08:50:00","guid":{"rendered":"https:\/\/marado.hu\/?p=1421"},"modified":"2026-06-01T12:19:10","modified_gmt":"2026-06-01T12:19:10","slug":"miert-nem-mukodik-a-kapszulagardrobod","status":"publish","type":"post","link":"https:\/\/marado.hu\/en\/miert-nem-mukodik-a-kapszulagardrobod\/","title":{"rendered":"Why isn't your capsule wardrobe working?"},"content":{"rendered":"<h2 class=\"wp-block-heading\">A capsule wardrobe can seem like a magical solution once you find it. Until\u2026<\/h2>\n\n\n\n<p class=\"wp-block-paragraph\">Until we realize that our wardrobe is a thousand miles away from the collection shown in the picture, which consists entirely of beige, black, and white pieces.<\/p>\n\n\n\n<p class=\"wp-block-paragraph\">Most of us have probably searched for terms like \u201cminimal French chic,\u201d \u201cclassic feminine outfits,\u201d or \u201cold money style\u201d in an effort to find the wardrobe we\u2019re dreaming of. We\u2019ve scrolled through our Pinterest feeds, browsed countless online stores, but in the end, almost nothing has changed in our closets\u2014not even the feeling that \u201cI have nothing to wear\u201d or that we don\u2019t like our existing wardrobe at all. But then again, why would I need these pieces in my life anyway?<\/p>\n\n\n\n<h2 class=\"wp-block-heading\">Why is this happening?<\/h2>\n\n\n\n<h2 class=\"wp-block-heading\">Because your style can't be bound by rules<\/h2>\n\n\n\n<p class=\"wp-block-paragraph\">There are plenty of rules surrounding the capsule wardrobe.<\/p>\n\n\n\n<p class=\"wp-block-paragraph\">What items do you need?  How many tops should you have in your closet? What colors should you choose? And the list goes on and on.<\/p>\n\n\n\n<p class=\"wp-block-paragraph\">The only problem is, <strong>dressing isn't a set of rules that everyone has to follow exactly.<\/strong><\/p>\n\n\n\n<p class=\"wp-block-paragraph\">A beige-white-black wardrobe might work perfectly for some people. But if you always feel your best in dark green, powder pink, or your old, trusty denim jacket instead of a black blazer, then no matter how closely you follow the rules, something will be missing.<\/p>\n\n\n\n<p class=\"wp-block-paragraph\">The <strong>conscious wardrobe <\/strong>shouldn't be about a set of rules <strong>sz\u00f3ljon<\/strong>Rather <strong>about You.<\/strong>.<\/p>\n\n\n\n<p class=\"wp-block-paragraph\"><\/p>\n\n\n\n<h2 class=\"wp-block-heading\">Don't forget about yourself<\/h2>\n\n\n\n<p class=\"wp-block-paragraph\">We often try to organize our clothes when what we really need to do is understand ourselves better.<\/p>\n\n\n\n<p class=\"wp-block-paragraph\">What kind of life are you living right now?<\/p>\n\n\n\n<p class=\"wp-block-paragraph\">What roles do you take on day to day?<\/p>\n\n\n\n<p class=\"wp-block-paragraph\">What matters to you?<\/p>\n\n\n\n<p class=\"wp-block-paragraph\">What kind of clothes make you feel confident?<\/p>\n\n\n\n<p class=\"wp-block-paragraph\">Your wardrobe will truly work if it\u2019s all about you. Not about an imaginary life, a perfect day, or the fairy-tale outfit that goes with it.<\/p>\n\n\n\n<p class=\"wp-block-paragraph\">Dressing is a form of self-expression, and we must not forget this, even at the very beginning of the design process of our wardrobe.<\/p>\n\n\n\n<h2 class=\"wp-block-heading\">Minimalism isn't for everyone<\/h2>\n\n\n\n<p class=\"wp-block-paragraph\">We often confuse thoughtful dressing with minimalism.<\/p>\n\n\n\n<p class=\"wp-block-paragraph\">But the two are not the same.<\/p>\n\n\n\n<p class=\"wp-block-paragraph\">One person might have 50 items of clothing, while another might have 500. What matters isn\u2019t the quantity, but how well the clothes suit your needs. Remember, you don\u2019t exist for your clothes\u2014they exist for you!<\/p>\n\n\n\n<p class=\"wp-block-paragraph\">If you love colors, patterns, or variety, you don\u2019t have to give them up to build a more mindful wardrobe.<\/p>\n\n\n\n<p class=\"wp-block-paragraph\">The goal isn't to have as few clothes as possible.<\/p>\n\n\n\n<p class=\"wp-block-paragraph\">The goal is for your clothes to be true companions in your everyday life, not just a pile of items in your closet that you never take out.<\/p>\n\n\n\n<p class=\"wp-block-paragraph\"><\/p>\n\n\n\n<h2 class=\"wp-block-heading\">3 Pro Tips for a Wardrobe That Actually Works For You<\/h2>\n\n\n\n<h3 class=\"wp-block-heading\">1. Find your own colors<\/h3>\n\n\n\n<p class=\"wp-block-paragraph\">The right colors mean much more than just a harmonious color palette.<\/p>\n\n\n\n<p class=\"wp-block-paragraph\">They help make it easier to mix and match your clothes and make you feel a little more like yourself in every outfit.<\/p>\n\n\n\n<p class=\"wp-block-paragraph\">It\u2019s not the trendy colors that matter, but the ones that make you feel good.<\/p>\n\n\n\n<h3 class=\"wp-block-heading\">2. Don\u2019t be afraid to change and experiment<\/h3>\n\n\n\n<p class=\"wp-block-paragraph\">A well-curated wardrobe isn't something you can put together in a weekend.<\/p>\n\n\n\n<p class=\"wp-block-paragraph\">It takes time to figure out what works for you and what doesn't. There will be pieces you'll love, and others from which you'll learn. That's perfectly fine.<\/p>\n\n\n\n<p class=\"wp-block-paragraph\">The <strong>Style <\/strong>is not a one-time goal, but <strong>an continuously evolving process<\/strong>. We shouldn't forget this! Don't cling to something that is no longer you, and don't desperately try to become someone you don't even want to be.<\/p>\n\n\n\n<h3 class=\"wp-block-heading\">3. Don't let yourself change to fit your idealized wardrobe!<\/h3>\n\n\n\n<p class=\"wp-block-paragraph\">Maybe this is <strong>the most important rule<\/strong>.<\/p>\n\n\n\n<p class=\"wp-block-paragraph\">Don't just create a Pinterest board in your closet. Instead, build a closet <strong>ruhat\u00e1r<\/strong>at, <strong>where you can feel at home.<\/strong><\/p>\n\n\n\n<p class=\"wp-block-paragraph\">Your wardrobe shouldn't just be beautiful\u2014it should also be practical and serve your needs.<\/p>\n\n\n\n<p class=\"wp-block-paragraph\"><\/p>\n\n\n\n<h2 class=\"wp-block-heading\">The marad\u00f3. StyleJournal is coming soon!<\/h2>\n\n\n\n<p class=\"wp-block-paragraph\">Building a thoughtful wardrobe isn't about following rules. It's about finding what works for you.<\/p>\n\n\n\n<p class=\"wp-block-paragraph\">That's why <strong>marad\u00f3. StyleJournal has been made<\/strong>, and it will help you build a wardrobe\u2014step by step\u2014that is both mindful, well-considered, and personal.<\/p>\n\n\n\n<p class=\"wp-block-paragraph\">A <strong>wardrobe<\/strong>ot, <strong>which <\/strong>doesn't follow any rules, rather <strong>follow you<\/strong>!<\/p>\n\n\n\n<p class=\"wp-block-paragraph\"><strong>If you'd like to be the first to know<\/strong> about the release and related news, <strong>Follow us on social media!<\/strong><\/p>\n\n\n\n<p class=\"wp-block-paragraph\">Make sure, you won't miss out on anything. You'll also stay up to date on the launch of the StyleJournal and our other exciting new features.<\/p>\n\n\n\n<p class=\"wp-block-paragraph\"><\/p>","protected":false},"excerpt":{"rendered":"<p>A kapszulagardr\u00f3b szinte var\u00e1zslatos megold\u00e1snak t\u0171nhet, ha egyszer belefutunk. Eg\u00e9szen addig&#8230; Am\u00edg r\u00e1 nem j\u00f6v\u00fcnk, hogy a mi ruhat\u00e1runk m\u00e9rf\u00f6ldekre van a k\u00e9pen l\u00e1tott kollekci\u00f3t\u00f3l, ami csupa b\u00e9zs, fekete \u00e9s feh\u00e9r darabb\u00f3l \u00e1ll. Tal\u00e1n a legt\u00f6bb\u00fcnk m\u00e1r r\u00e1keresett a &#8222;minimal french chic&#8221;, &#8222;classical feminin outfits&#8221; vagy az &#8222;old money style&#8221; keres\u0151szavakra, hogy r\u00e1tal\u00e1ljunk arra a ruhat\u00e1rra, amit el szeretn\u00e9nk \u00e9rni. P\u00f6rgett\u00fck a Pinterest feedj\u00e9t, v\u00e9gign\u00e9zt\u00fcnk sz\u00e1mtalan webshopot, de v\u00e9g\u00fcl szinte semmi sem v\u00e1ltozott a gardr\u00f3bunkban, sem az \u00e9rz\u00e9ssel, hogy &#8222;nincs mit felvennem&#8221; vagy, hogy egy\u00e1ltal\u00e1n nem is szeretj\u00fck a megl\u00e9v\u0151 ruhat\u00e1runkat. De k\u00fcl\u00f6nben is. Az \u00e9n \u00e9letemben mi sz\u00fcks\u00e9g lenne ezekre a darabokra? Mi\u00e9rt t\u00f6rt\u00e9nik ez? Mert a st\u00edlusod nem k\u00f6vethet szab\u00e1lyokat A kapszulagardr\u00f3b k\u00f6r\u00fcl rengeteg szab\u00e1ly kering. Milyen darabokra van sz\u00fcks\u00e9ged? H\u00e1ny fels\u0151 legyen a szekr\u00e9nyben? Milyen sz\u00edneket \u00e9rdemes v\u00e1lasztani? \u00c9s m\u00e9g sok\u00e1ig sorolhatn\u00e1nk. A probl\u00e9ma csak az, hogy az \u00f6lt\u00f6zk\u00f6d\u00e9s nem egy recept, amit mindenkinek ugyan\u00fagy kell k\u00f6vetnie. Lehet, hogy valakinek t\u00f6k\u00e9letesen m\u0171k\u00f6dik egy b\u00e9zs-feh\u00e9r-fekete gardr\u00f3b. De ha te mindig m\u00e9lyz\u00f6ldben, p\u00faderr\u00f3zsasz\u00ednben vagy fekete bl\u00e9zer helyett a r\u00e9gi, j\u00f3l bev\u00e1lt farmerdzsekidben \u00e9rzed magad igaz\u00e1n j\u00f3l, akkor hi\u00e1ba k\u00f6veted a szab\u00e1lyokat, valami hi\u00e1nyozni fog. A tudatos gardr\u00f3b nem egy szab\u00e1lyrendszerr\u0151l kellene, hogy sz\u00f3ljon, hanem R\u00f3lad. Ne feledkezz el \u00d6nmagadr\u00f3l Sokszor a ruh\u00e1inkat pr\u00f3b\u00e1ljuk rendszerezni, amikor val\u00f3j\u00e1ban \u00f6nmagunkat kellene jobban meg\u00e9rten\u00fcnk. Milyen \u00e9letet \u00e9lsz most? Milyen szerepek k\u00f6z\u00f6tt mozogsz nap mint nap? Mi fontos sz\u00e1modra? Miben \u00e9rzed magad magabiztosnak? A gardr\u00f3bod akkor fog val\u00f3ban m\u0171k\u00f6dni, ha R\u00f3lad sz\u00f3l. Nem egy elk\u00e9pzelt \u00e9letr\u0151l, ide\u00e1lis napr\u00f3l, vagy az ahhoz ill\u0151 mesebeli outfitr\u0151l. Az \u00f6lt\u00f6zk\u00f6d\u00e9s az \u00f6nkifejez\u00e9s egyik eszk\u00f6ze \u00e9s ezt nem szabad elfelejten\u00fcnk, m\u00e1r a tudatos tervez\u00e9s kezdet\u00e9n sem. A minimalizmus nem val\u00f3 mindenkinek A tudatos \u00f6lt\u00f6zk\u00f6d\u00e9st gyakran \u00f6sszekeverj\u00fck a minimalizmussal. Pedig a kett\u0151 nem ugyanaz. Lehet valakinek 50 ruhadarabja, \u00e9s lehet valakinek 500. A l\u00e9nyeg nem a mennyis\u00e9g, hanem hogy a ruh\u00e1k mennyire alkalmazkodnak a te ig\u00e9nyeidhez. Ne feled, nem te vagy a ruh\u00e1id\u00e9rt, hanem \u0151k vannak \u00e9rted! Ha szereted a sz\u00edneket, a mint\u00e1kat vagy a v\u00e1ltozatoss\u00e1got, nem kell lemondanod r\u00f3luk ahhoz, hogy tudatosabb gardr\u00f3bot \u00e9p\u00edts. A c\u00e9l nem az, hogy min\u00e9l kevesebb ruh\u00e1d legyen. A c\u00e9l az, hogy a ruh\u00e1idnak val\u00f3di kieg\u00e9sz\u00edt\u0151i legyenek a h\u00e9tk\u00f6znapjaidnak, ne csak egy halom t\u00e1rgy a szekr\u00e9nyedben, amit soha nem veszel el\u0151. 3 pro tipp a val\u00f3ban m\u0171k\u00f6d\u0151 gardr\u00f3bhoz 1. Tal\u00e1ld meg a saj\u00e1t sz\u00edneidet A megfelel\u0151 sz\u00ednek sokkal t\u00f6bbet jelentenek, mint egy harmonikus sz\u00ednpaletta. Seg\u00edtenek abban, hogy a ruh\u00e1id k\u00f6nnyebben kombin\u00e1lhat\u00f3k legyenek, \u00e9s hogy minden szettben egy kicsit jobban \u00f6nmagadnak \u00e9rezd magad. Nem a trendi sz\u00ednek sz\u00e1m\u00edtanak, hanem azok, amelyek j\u00f3 \u00e9rz\u00e9ssel t\u00f6ltenek el. 2. Ne f\u00e9lj v\u00e1ltoztatni \u00e9s k\u00eds\u00e9rletezni A tudatos gardr\u00f3b nem egy h\u00e9tv\u00e9ge alatt k\u00e9sz\u00fcl el. Id\u0151 kell ahhoz, hogy megismerd, mi m\u0171k\u00f6dik n\u00e1lad \u00e9s mi nem. Lesznek olyan darabok, amelyeket im\u00e1dni fogsz, \u00e9s olyanok is, amelyekb\u0151l tanulsz. Ez teljesen rendben van \u00edgy. A st\u00edlus nem egy c\u00e9l, hanem egy folyamatosan alakul\u00f3 folyamat. Ezt nem szabad elfelejten\u00fcnk! Ne ragaszkodj valamihez, ami m\u00e1r nem Te vagy \u00e9s ne akarj g\u00f6rcs\u00f6sen olyann\u00e1 v\u00e1lni, aki nem is szeretn\u00e9l lenni. 3. Ne te v\u00e1ltozz az idealiz\u00e1lt ruhat\u00e1radhoz! Tal\u00e1n ez a legfontosabb szab\u00e1ly. Ne egy Pinterest-t\u00e1bl\u00e1t \u00e9p\u00edts a gardr\u00f3bodban. Ink\u00e1bb \u00e9p\u00edts olyan ruhat\u00e1rat, amelyben otthon \u00e9rzed magad. A gardr\u00f3bodnak nem felt\u00e9tlen\u00fcl csak sz\u00e9pnek, hanem praktikusnak is kell lennie, ami t\u00e9ged szolg\u00e1l. Hamarosan \u00e9rkezik a marad\u00f3. St\u00edlusNapl\u00f3 A tudatos gardr\u00f3b\u00e9p\u00edt\u00e9s nem a szab\u00e1lyokr\u00f3l sz\u00f3l. Hanem arr\u00f3l, hogy megtal\u00e1ld, mi m\u0171k\u00f6dik sz\u00e1modra. Ez\u00e9rt k\u00e9sz\u00fcl a marad\u00f3. St\u00edlusNapl\u00f3, amely l\u00e9p\u00e9sr\u0151l l\u00e9p\u00e9sre seg\u00edt majd kialak\u00edtani egy olyan ruhat\u00e1rat, amely egyszerre tudatos, \u00e1tgondolt \u00e9s szem\u00e9lyes. Egy gardr\u00f3bot, ami nem szab\u00e1lyokat k\u00f6vet, hanem hozz\u00e1d alkalmazkodik! Ha szeretn\u00e9l els\u0151k\u00e9nt \u00e9rtes\u00fclni a megjelen\u00e9sr\u0151l \u00e9s a kapcsol\u00f3d\u00f3 \u00fajdons\u00e1gokr\u00f3l, k\u00f6vess minket a k\u00f6z\u00f6ss\u00e9gi m\u00e9dia fel\u00fcleteinken! \u00cdgy biztosan nem maradsz le a marad\u00f3. St\u00edlusNapl\u00f3 \u00e9rkez\u00e9s\u00e9r\u0151l \u00e9s egy\u00e9b izgalmas \u00fajdons\u00e1gainkr\u00f3l sem.<\/p>","protected":false},"author":1,"featured_media":1422,"comment_status":"closed","ping_status":"open","sticky":false,"template":"","format":"standard","meta":{"_jetpack_newsletter_access":"","_jetpack_dont_email_post_to_subs":false,"_jetpack_newsletter_tier_id":0,"_jetpack_memberships_contains_paywalled_content":false,"_jetpack_feature_clip_id":0,"_jetpack_memberships_contains_paid_content":false,"footnotes":"","jetpack_post_was_ever_published":false},"categories":[1,634],"tags":[622,752,629,751,620,750,633],"class_list":["post-1421","post","type-post","status-publish","format-standard","has-post-thumbnail","hentry","category-inspiracio","category-kapszulagardrob","tag-fenntarthato-divat","tag-hamarosan","tag-kapszulagardrob-noknek","tag-naplo","tag-nyari-kapszulagardrob","tag-stilus","tag-stilusnaplo"],"yoast_head":"<!-- This site is optimized with the Yoast SEO plugin v28.4 - https:\/\/yoast.com\/product\/yoast-seo-wordpress\/ -->\n<title>Mi\u00e9rt nem m\u0171k\u00f6dik a kapszulagardr\u00f3bod? | marad\u00f3.<\/title>\n<meta name=\"description\" content=\"Mi\u00e9rt nem m\u0171k\u00f6dik a kapszulagardr\u00f3bod? | marad\u00f3. | A kapszulagardr\u00f3b szinte var\u00e1zslatos megold\u00e1snak t\u0171nhet, ha egyszer belefutunk. Eg\u00e9szen addig...\" \/>\n<meta name=\"robots\" content=\"index, follow, max-snippet:-1, max-image-preview:large, max-video-preview:-1\" \/>\n<link rel=\"canonical\" href=\"https:\/\/marado.hu\/en\/miert-nem-mukodik-a-kapszulagardrobod\/\" \/>\n<meta property=\"og:locale\" content=\"en_US\" \/>\n<meta property=\"og:type\" content=\"article\" \/>\n<meta property=\"og:title\" content=\"Mi\u00e9rt nem m\u0171k\u00f6dik a kapszulagardr\u00f3bod? | marad\u00f3.\" \/>\n<meta property=\"og:description\" content=\"Mi\u00e9rt nem m\u0171k\u00f6dik a kapszulagardr\u00f3bod? | marad\u00f3. | A kapszulagardr\u00f3b szinte var\u00e1zslatos megold\u00e1snak t\u0171nhet, ha egyszer belefutunk. Eg\u00e9szen addig...\" \/>\n<meta property=\"og:url\" content=\"https:\/\/marado.hu\/en\/miert-nem-mukodik-a-kapszulagardrobod\/\" \/>\n<meta property=\"og:site_name\" content=\"marad\u00f3.\" \/>\n<meta property=\"article:publisher\" content=\"https:\/\/www.facebook.com\/profile.php?id=61583774536538\" \/>\n<meta property=\"article:published_time\" content=\"2026-06-03T08:50:00+00:00\" \/>\n<meta property=\"og:image\" content=\"https:\/\/marado.hu\/wp-content\/uploads\/2026\/06\/43.png\" \/>\n\t<meta property=\"og:image:width\" content=\"1000\" \/>\n\t<meta property=\"og:image:height\" content=\"1500\" \/>\n\t<meta property=\"og:image:type\" content=\"image\/png\" \/>\n<meta name=\"author\" content=\"adminMarado\" \/>\n<meta name=\"twitter:card\" content=\"summary_large_image\" \/>\n<meta name=\"twitter:label1\" content=\"Written by\" \/>\n\t<meta name=\"twitter:data1\" content=\"adminMarado\" \/>\n\t<meta name=\"twitter:label2\" content=\"Est. reading time\" \/>\n\t<meta name=\"twitter:data2\" content=\"4 minutes\" \/>\n<script type=\"application\/ld+json\" class=\"yoast-schema-graph\">{\"@context\":\"https:\\\/\\\/schema.org\",\"@graph\":[{\"@type\":\"Article\",\"@id\":\"https:\\\/\\\/marado.hu\\\/miert-nem-mukodik-a-kapszulagardrobod\\\/#article\",\"isPartOf\":{\"@id\":\"https:\\\/\\\/marado.hu\\\/miert-nem-mukodik-a-kapszulagardrobod\\\/\"},\"author\":{\"name\":\"adminMarado\",\"@id\":\"https:\\\/\\\/marado.hu\\\/#\\\/schema\\\/person\\\/2e4bb3fc7e673b4ad9b16953c9457762\"},\"headline\":\"Mi\u00e9rt nem m\u0171k\u00f6dik a kapszulagardr\u00f3bod?\",\"datePublished\":\"2026-06-03T08:50:00+00:00\",\"mainEntityOfPage\":{\"@id\":\"https:\\\/\\\/marado.hu\\\/miert-nem-mukodik-a-kapszulagardrobod\\\/\"},\"wordCount\":890,\"publisher\":{\"@id\":\"https:\\\/\\\/marado.hu\\\/#organization\"},\"image\":{\"@id\":\"https:\\\/\\\/marado.hu\\\/miert-nem-mukodik-a-kapszulagardrobod\\\/#primaryimage\"},\"thumbnailUrl\":\"https:\\\/\\\/marado.hu\\\/wp-content\\\/uploads\\\/2026\\\/06\\\/43.png\",\"keywords\":[\"fenntarthat\u00f3 divat\",\"hamarosan\",\"kapszulagardr\u00f3b n\u0151knek\",\"napl\u00f3\",\"ny\u00e1ri kapszulagardr\u00f3b\",\"st\u00edlus\",\"st\u00edlusnapl\u00f3\"],\"articleSection\":[\"Inspir\u00e1ci\u00f3\",\"Kapszulagardr\u00f3b\"],\"inLanguage\":\"en-US\"},{\"@type\":\"WebPage\",\"@id\":\"https:\\\/\\\/marado.hu\\\/miert-nem-mukodik-a-kapszulagardrobod\\\/\",\"url\":\"https:\\\/\\\/marado.hu\\\/miert-nem-mukodik-a-kapszulagardrobod\\\/\",\"name\":\"Mi\u00e9rt nem m\u0171k\u00f6dik a kapszulagardr\u00f3bod? | marad\u00f3.\",\"isPartOf\":{\"@id\":\"https:\\\/\\\/marado.hu\\\/#website\"},\"primaryImageOfPage\":{\"@id\":\"https:\\\/\\\/marado.hu\\\/miert-nem-mukodik-a-kapszulagardrobod\\\/#primaryimage\"},\"image\":{\"@id\":\"https:\\\/\\\/marado.hu\\\/miert-nem-mukodik-a-kapszulagardrobod\\\/#primaryimage\"},\"thumbnailUrl\":\"https:\\\/\\\/marado.hu\\\/wp-content\\\/uploads\\\/2026\\\/06\\\/43.png\",\"datePublished\":\"2026-06-03T08:50:00+00:00\",\"description\":\"Mi\u00e9rt nem m\u0171k\u00f6dik a kapszulagardr\u00f3bod? | marad\u00f3. | A kapszulagardr\u00f3b szinte var\u00e1zslatos megold\u00e1snak t\u0171nhet, ha egyszer belefutunk. Eg\u00e9szen addig...\",\"breadcrumb\":{\"@id\":\"https:\\\/\\\/marado.hu\\\/miert-nem-mukodik-a-kapszulagardrobod\\\/#breadcrumb\"},\"inLanguage\":\"en-US\",\"potentialAction\":[{\"@type\":\"ReadAction\",\"target\":[\"https:\\\/\\\/marado.hu\\\/miert-nem-mukodik-a-kapszulagardrobod\\\/\"]}]},{\"@type\":\"ImageObject\",\"inLanguage\":\"en-US\",\"@id\":\"https:\\\/\\\/marado.hu\\\/miert-nem-mukodik-a-kapszulagardrobod\\\/#primaryimage\",\"url\":\"https:\\\/\\\/marado.hu\\\/wp-content\\\/uploads\\\/2026\\\/06\\\/43.png\",\"contentUrl\":\"https:\\\/\\\/marado.hu\\\/wp-content\\\/uploads\\\/2026\\\/06\\\/43.png\",\"width\":1000,\"height\":1500},{\"@type\":\"BreadcrumbList\",\"@id\":\"https:\\\/\\\/marado.hu\\\/miert-nem-mukodik-a-kapszulagardrobod\\\/#breadcrumb\",\"itemListElement\":[{\"@type\":\"ListItem\",\"position\":1,\"name\":\"Kezd\u0151lap\",\"item\":\"https:\\\/\\\/marado.hu\\\/\"},{\"@type\":\"ListItem\",\"position\":2,\"name\":\"Mi\u00e9rt nem m\u0171k\u00f6dik a kapszulagardr\u00f3bod?\"}]},{\"@type\":\"WebSite\",\"@id\":\"https:\\\/\\\/marado.hu\\\/#website\",\"url\":\"https:\\\/\\\/marado.hu\\\/\",\"name\":\"marad\u00f3.\",\"description\":\"marad\u00f3. | mert van, ami \u00f6r\u00f6k\",\"publisher\":{\"@id\":\"https:\\\/\\\/marado.hu\\\/#organization\"},\"potentialAction\":[{\"@type\":\"SearchAction\",\"target\":{\"@type\":\"EntryPoint\",\"urlTemplate\":\"https:\\\/\\\/marado.hu\\\/?s={search_term_string}\"},\"query-input\":{\"@type\":\"PropertyValueSpecification\",\"valueRequired\":true,\"valueName\":\"search_term_string\"}}],\"inLanguage\":\"en-US\"},{\"@type\":\"Organization\",\"@id\":\"https:\\\/\\\/marado.hu\\\/#organization\",\"name\":\"marad\u00f3.\",\"url\":\"https:\\\/\\\/marado.hu\\\/\",\"logo\":{\"@type\":\"ImageObject\",\"inLanguage\":\"en-US\",\"@id\":\"https:\\\/\\\/marado.hu\\\/#\\\/schema\\\/logo\\\/image\\\/\",\"url\":\"https:\\\/\\\/marado.hu\\\/wp-content\\\/uploads\\\/2026\\\/02\\\/2.png\",\"contentUrl\":\"https:\\\/\\\/marado.hu\\\/wp-content\\\/uploads\\\/2026\\\/02\\\/2.png\",\"width\":2000,\"height\":2000,\"caption\":\"marad\u00f3.\"},\"image\":{\"@id\":\"https:\\\/\\\/marado.hu\\\/#\\\/schema\\\/logo\\\/image\\\/\"},\"sameAs\":[\"https:\\\/\\\/www.facebook.com\\\/profile.php?id=61583774536538\",\"https:\\\/\\\/pinterest.com\\\/maradostyle\",\"https:\\\/\\\/instagram.com\\\/maradostyle\"]},{\"@type\":\"Person\",\"@id\":\"https:\\\/\\\/marado.hu\\\/#\\\/schema\\\/person\\\/2e4bb3fc7e673b4ad9b16953c9457762\",\"name\":\"adminMarado\",\"sameAs\":[\"https:\\\/\\\/marado.hu\"],\"url\":\"https:\\\/\\\/marado.hu\\\/en\\\/author\\\/adminmarado\\\/\"}]}<\/script>\n<!-- \/ Yoast SEO plugin. -->","yoast_head_json":{"title":"Mi\u00e9rt nem m\u0171k\u00f6dik a kapszulagardr\u00f3bod? | marad\u00f3.","description":"Mi\u00e9rt nem m\u0171k\u00f6dik a kapszulagardr\u00f3bod? | marad\u00f3. | A kapszulagardr\u00f3b szinte var\u00e1zslatos megold\u00e1snak t\u0171nhet, ha egyszer belefutunk. Eg\u00e9szen addig...","robots":{"index":"index","follow":"follow","max-snippet":"max-snippet:-1","max-image-preview":"max-image-preview:large","max-video-preview":"max-video-preview:-1"},"canonical":"https:\/\/marado.hu\/en\/miert-nem-mukodik-a-kapszulagardrobod\/","og_locale":"en_US","og_type":"article","og_title":"Mi\u00e9rt nem m\u0171k\u00f6dik a kapszulagardr\u00f3bod? | marad\u00f3.","og_description":"Mi\u00e9rt nem m\u0171k\u00f6dik a kapszulagardr\u00f3bod? | marad\u00f3. | A kapszulagardr\u00f3b szinte var\u00e1zslatos megold\u00e1snak t\u0171nhet, ha egyszer belefutunk. Eg\u00e9szen addig...","og_url":"https:\/\/marado.hu\/en\/miert-nem-mukodik-a-kapszulagardrobod\/","og_site_name":"marad\u00f3.","article_publisher":"https:\/\/www.facebook.com\/profile.php?id=61583774536538","article_published_time":"2026-06-03T08:50:00+00:00","og_image":[{"width":1000,"height":1500,"url":"https:\/\/marado.hu\/wp-content\/uploads\/2026\/06\/43.png","type":"image\/png"}],"author":"adminMarado","twitter_card":"summary_large_image","twitter_misc":{"Written by":"adminMarado","Est. reading time":"4 minutes"},"schema":{"@context":"https:\/\/schema.org","@graph":[{"@type":"Article","@id":"https:\/\/marado.hu\/miert-nem-mukodik-a-kapszulagardrobod\/#article","isPartOf":{"@id":"https:\/\/marado.hu\/miert-nem-mukodik-a-kapszulagardrobod\/"},"author":{"name":"adminMarado","@id":"https:\/\/marado.hu\/#\/schema\/person\/2e4bb3fc7e673b4ad9b16953c9457762"},"headline":"Mi\u00e9rt nem m\u0171k\u00f6dik a kapszulagardr\u00f3bod?","datePublished":"2026-06-03T08:50:00+00:00","mainEntityOfPage":{"@id":"https:\/\/marado.hu\/miert-nem-mukodik-a-kapszulagardrobod\/"},"wordCount":890,"publisher":{"@id":"https:\/\/marado.hu\/#organization"},"image":{"@id":"https:\/\/marado.hu\/miert-nem-mukodik-a-kapszulagardrobod\/#primaryimage"},"thumbnailUrl":"https:\/\/marado.hu\/wp-content\/uploads\/2026\/06\/43.png","keywords":["fenntarthat\u00f3 divat","hamarosan","kapszulagardr\u00f3b n\u0151knek","napl\u00f3","ny\u00e1ri kapszulagardr\u00f3b","st\u00edlus","st\u00edlusnapl\u00f3"],"articleSection":["Inspir\u00e1ci\u00f3","Kapszulagardr\u00f3b"],"inLanguage":"en-US"},{"@type":"WebPage","@id":"https:\/\/marado.hu\/miert-nem-mukodik-a-kapszulagardrobod\/","url":"https:\/\/marado.hu\/miert-nem-mukodik-a-kapszulagardrobod\/","name":"Mi\u00e9rt nem m\u0171k\u00f6dik a kapszulagardr\u00f3bod? | marad\u00f3.","isPartOf":{"@id":"https:\/\/marado.hu\/#website"},"primaryImageOfPage":{"@id":"https:\/\/marado.hu\/miert-nem-mukodik-a-kapszulagardrobod\/#primaryimage"},"image":{"@id":"https:\/\/marado.hu\/miert-nem-mukodik-a-kapszulagardrobod\/#primaryimage"},"thumbnailUrl":"https:\/\/marado.hu\/wp-content\/uploads\/2026\/06\/43.png","datePublished":"2026-06-03T08:50:00+00:00","description":"Mi\u00e9rt nem m\u0171k\u00f6dik a kapszulagardr\u00f3bod? | marad\u00f3. | A kapszulagardr\u00f3b szinte var\u00e1zslatos megold\u00e1snak t\u0171nhet, ha egyszer belefutunk. Eg\u00e9szen addig...","breadcrumb":{"@id":"https:\/\/marado.hu\/miert-nem-mukodik-a-kapszulagardrobod\/#breadcrumb"},"inLanguage":"en-US","potentialAction":[{"@type":"ReadAction","target":["https:\/\/marado.hu\/miert-nem-mukodik-a-kapszulagardrobod\/"]}]},{"@type":"ImageObject","inLanguage":"en-US","@id":"https:\/\/marado.hu\/miert-nem-mukodik-a-kapszulagardrobod\/#primaryimage","url":"https:\/\/marado.hu\/wp-content\/uploads\/2026\/06\/43.png","contentUrl":"https:\/\/marado.hu\/wp-content\/uploads\/2026\/06\/43.png","width":1000,"height":1500},{"@type":"BreadcrumbList","@id":"https:\/\/marado.hu\/miert-nem-mukodik-a-kapszulagardrobod\/#breadcrumb","itemListElement":[{"@type":"ListItem","position":1,"name":"Kezd\u0151lap","item":"https:\/\/marado.hu\/"},{"@type":"ListItem","position":2,"name":"Mi\u00e9rt nem m\u0171k\u00f6dik a kapszulagardr\u00f3bod?"}]},{"@type":"WebSite","@id":"https:\/\/marado.hu\/#website","url":"https:\/\/marado.hu\/","name":"marad\u00f3.","description":"marad\u00f3. | some things are eternal","publisher":{"@id":"https:\/\/marado.hu\/#organization"},"potentialAction":[{"@type":"SearchAction","target":{"@type":"EntryPoint","urlTemplate":"https:\/\/marado.hu\/?s={search_term_string}"},"query-input":{"@type":"PropertyValueSpecification","valueRequired":true,"valueName":"search_term_string"}}],"inLanguage":"en-US"},{"@type":"Organization","@id":"https:\/\/marado.hu\/#organization","name":"marad\u00f3.","url":"https:\/\/marado.hu\/","logo":{"@type":"ImageObject","inLanguage":"en-US","@id":"https:\/\/marado.hu\/#\/schema\/logo\/image\/","url":"https:\/\/marado.hu\/wp-content\/uploads\/2026\/02\/2.png","contentUrl":"https:\/\/marado.hu\/wp-content\/uploads\/2026\/02\/2.png","width":2000,"height":2000,"caption":"marad\u00f3."},"image":{"@id":"https:\/\/marado.hu\/#\/schema\/logo\/image\/"},"sameAs":["https:\/\/www.facebook.com\/profile.php?id=61583774536538","https:\/\/pinterest.com\/maradostyle","https:\/\/instagram.com\/maradostyle"]},{"@type":"Person","@id":"https:\/\/marado.hu\/#\/schema\/person\/2e4bb3fc7e673b4ad9b16953c9457762","name":"adminMarado","sameAs":["https:\/\/marado.hu"],"url":"https:\/\/marado.hu\/en\/author\/adminmarado\/"}]}},"jetpack_sharing_enabled":true,"jetpack_featured_media_url":"https:\/\/marado.hu\/wp-content\/uploads\/2026\/06\/43.png","_links":{"self":[{"href":"https:\/\/marado.hu\/en\/wp-json\/wp\/v2\/posts\/1421","targetHints":{"allow":["GET"]}}],"collection":[{"href":"https:\/\/marado.hu\/en\/wp-json\/wp\/v2\/posts"}],"about":[{"href":"https:\/\/marado.hu\/en\/wp-json\/wp\/v2\/types\/post"}],"author":[{"embeddable":true,"href":"https:\/\/marado.hu\/en\/wp-json\/wp\/v2\/users\/1"}],"replies":[{"embeddable":true,"href":"https:\/\/marado.hu\/en\/wp-json\/wp\/v2\/comments?post=1421"}],"version-history":[{"count":1,"href":"https:\/\/marado.hu\/en\/wp-json\/wp\/v2\/posts\/1421\/revisions"}],"predecessor-version":[{"id":1424,"href":"https:\/\/marado.hu\/en\/wp-json\/wp\/v2\/posts\/1421\/revisions\/1424"}],"wp:featuredmedia":[{"embeddable":true,"href":"https:\/\/marado.hu\/en\/wp-json\/wp\/v2\/media\/1422"}],"wp:attachment":[{"href":"https:\/\/marado.hu\/en\/wp-json\/wp\/v2\/media?parent=1421"}],"wp:term":[{"taxonomy":"category","embeddable":true,"href":"https:\/\/marado.hu\/en\/wp-json\/wp\/v2\/categories?post=1421"},{"taxonomy":"post_tag","embeddable":true,"href":"https:\/\/marado.hu\/en\/wp-json\/wp\/v2\/tags?post=1421"}],"curies":[{"name":"wp","href":"https:\/\/api.w.org\/{rel}","templated":true}]}}