{"id":1365,"date":"2026-05-23T13:08:04","date_gmt":"2026-05-23T13:08:04","guid":{"rendered":"https:\/\/marado.hu\/?p=1365"},"modified":"2026-05-18T13:27:17","modified_gmt":"2026-05-18T13:27:17","slug":"stresszes-vagy-boldog-az-eskuvo-elotti-het","status":"publish","type":"post","link":"https:\/\/marado.hu\/en\/stresszes-vagy-boldog-az-eskuvo-elotti-het\/","title":{"rendered":"Stressed or happy? \u2013 The week before your wedding"},"content":{"rendered":"<p class=\"wp-block-paragraph\">Azt hittem, az esk\u00fcv\u0151 el\u0151tti id\u0151szak csak a boldog k\u00e9sz\u00fcl\u0151d\u00e9sr\u0151l sz\u00f3l majd. Azt\u00e1n egyszer csak azt vettem \u00e9szre, hogy a dekor\u00e1ci\u00f3 kiv\u00e1laszt\u00e1sa, a szervez\u00e9s \u00e9s a v\u00e9gtelen d\u00f6nt\u00e9sek meghozatala m\u00e1r ink\u00e1bb egy m\u00e1sodik m\u0171szaknak t\u0171nik, mint \u00e9let\u00fcnk egyik legszebb id\u0151szak\u00e1nak.<\/p>\n\n\n\n<p class=\"wp-block-paragraph\">\u00c9s \u00e9n egyre ink\u00e1bb azt \u00e9reztem, hogy elveszek az eg\u00e9sz szervez\u00e9sben. Mik\u00f6zben pontosan azt az id\u0151szakot nem tudtam meg\u00e9lni, amire annyit v\u00e1rtam.<\/p>\n\n\n\n<p class=\"wp-block-paragraph\">Azt\u00e1n elj\u00f6tt a l\u00e1nyb\u00facs\u00fam.<\/p>\n\n\n\n<p class=\"wp-block-paragraph\">\u00c9s a bar\u00e1tn\u0151imt\u0151l kaptam valamit, ami v\u00e9g\u00fcl sokkal t\u00f6bbet adott, mint gondoltam.<\/p>\n\n\n\n<p class=\"wp-block-paragraph\">Egy k\u00e9zzel k\u00e9sz\u00edtett Menyecske-kalend\u00e1riumot. Ugyanolyan izgalommal v\u00e1rtam, hogy kinyithassam az \u00fczeneteket minden nap, mint gyermekkoromban az adventi csokol\u00e1d\u00e9napt\u00e1r ablakait.<\/p>\n\n\n\n<h2 class=\"wp-block-heading\">T\u00f6bb volt, mint egy napt\u00e1r<\/h2>\n\n\n\n<p class=\"wp-block-paragraph\">El\u0151sz\u00f6r azt hittem, csak egy aranyos aj\u00e1nd\u00e9k.<\/p>\n\n\n\n<p class=\"wp-block-paragraph\">Azt\u00e1n napr\u00f3l napra t\u00f6bbet adott.<\/p>\n\n\n\n<p class=\"wp-block-paragraph\">az esk\u00fcv\u0151 el\u0151tti h\u00e9ten minden reggelt azzal kezdtem, hogy kinyitottam az aznapi \u00fczenetet \u00e9s hagytam, hogy az vezessen a nap folyam\u00e1n. Nem a stressz.<\/p>\n\n\n\n<p class=\"wp-block-paragraph\">\u00c9s valami megv\u00e1ltozott.<\/p>\n\n\n\n<p class=\"wp-block-paragraph\">A k\u00e1osz lassan rendez\u0151dni kezdett.<\/p>\n\n\n\n<p class=\"wp-block-paragraph\">Nem csak k\u00edv\u00fcl. Bel\u00fcl is.<\/p>\n\n\n\n<h2 class=\"wp-block-heading\">Seg\u00edtett lelassulni<\/h2>\n\n\n\n<p class=\"wp-block-paragraph\">Az esk\u00fcv\u0151 el\u0151tti hajr\u00e1ban nagyon k\u00f6nny\u0171 elvesz\u00edteni \u00f6nmagunkat.<\/p>\n\n\n\n<p class=\"wp-block-paragraph\">A Menyecske-Kalend\u00e1rium nekem eml\u00e9keztet\u0151 volt arra, hogy ez az id\u0151szak nem csak a szervez\u00e9sr\u0151l sz\u00f3l.<\/p>\n\n\n\n<p class=\"wp-block-paragraph\">Hanem r\u00f3lam. R\u00f3lunk. Egy \u00faj \u00e9let kezdet\u00e9r\u0151l.<\/p>\n\n\n\n<p class=\"wp-block-paragraph\">Seg\u00edtett:<\/p>\n\n\n\n<ul class=\"wp-block-list\">\n<li>f\u00f3kusz\u00e1lni,<\/li>\n\n\n\n<li>megnyugodni,<\/li>\n\n\n\n<li>jelen lenni,<\/li>\n\n\n\n<li>\u00e9s meg\u0151rizni a lelki b\u00e9k\u00e9met.<\/li>\n<\/ul>\n\n\n\n<h2 class=\"wp-block-heading\">Egy \u00e1tmenet eml\u00e9ke<\/h2>\n\n\n\n<p class=\"wp-block-paragraph\">Amikor k\u00e9s\u0151bb \u00fajra kinyitottam, nem a stressz jutott eszembe.<\/p>\n\n\n\n<p class=\"wp-block-paragraph\">Hanem az az id\u0151szak, amikor lassan elb\u00facs\u00faztam az \u00e9letem egyik szakasz\u00e1t\u00f3l. \u00c9s k\u00e9sz\u00fcltem bel\u00e9pni egy \u00fajba.<\/p>\n\n\n\n<p class=\"wp-block-paragraph\">Ez\u00e9rt hiszem azt, hogy minden menyasszonynak sz\u00fcks\u00e9ge van egy ilyen kalend\u00e1riumra.<\/p>\n\n\n\n<p class=\"wp-block-paragraph\">Ez az id\u0151szak nem szabad, hogy csak a szervez\u00e9sr\u0151l sz\u00f3ljon. Fontos, hogy meg tudja \u00e9lni ezt az \u00e1tmenetet.<\/p>\n\n\n\n<p class=\"wp-block-paragraph\">Ha van az \u00e9letedben menyasszony, aj\u00e1nd\u00e9kozz neki valamit, ami val\u00f3ban t\u00e1mogatja.<\/p>\n\n\n\n<p class=\"wp-block-paragraph\">\u00c9s ha te vagy a menyasszony: engedj meg magadnak egy olyan eszk\u00f6zt, ami nem csak rendszerez, mint az esk\u00fcv\u0151 szervez\u0151 napl\u00f3k. Hanem megtart.<\/p>\n\n\n\n<p class=\"wp-block-paragraph\">A Menyecske-Kalend\u00e1rium nem egy tervez\u0151. Ez egy eml\u00e9k az \u00e9leted pillanatair\u00f3l.<\/p>\n\n\n<div data-block-name=\"woocommerce\/featured-product\" data-product-id=\"363\" class=\"wc-block-featured-product alignnone has-background-dim wp-block-woocommerce-featured-product\" style=\"min-height:500px;\"><div class=\"wc-block-featured-product__wrapper\"><div class=\"background-dim__overlay\" style=\"background-color: #000000\"><\/div><img decoding=\"async\" alt=\"Menyecske-kalend\u00e1rium\" class=\"wc-block-featured-product__background-image\" src=\"https:\/\/marado.hu\/wp-content\/uploads\/2026\/03\/ed807dd4-caad-4b06-bd0a-6c3bbb0c8967.png\" style=\"object-fit: none;object-position: 50% 50%;\" \/><div class=\"wc-block-featured-product__inner-blocks\">\n<h2 class=\"has-text-align-center wp-block-post-title\"><a data-wp-on--click=\"woocommerce\/product-collection::actions.viewProduct\" href=\"https:\/\/marado.hu\/en\/product\/menyecske-kalendarium\/\" target=\"_self\" >Bride calendar<\/a><\/h2>\n\n<div data-block-name=\"woocommerce\/product-summary\" data-show-description-if-empty=\"true\" data-style=\"{&quot;typography&quot;:{&quot;textAlign&quot;:&quot;center&quot;}}\" data-summary-length=\"80\" class=\"wp-block-woocommerce-product-summary\"><div class=\"wc-block-components-product-summary has-text-align-center\" style=\"\">\n\t\t\t\t<p data-start=\"149\" data-end=\"350\">Az esk\u00fcv\u0151 el\u0151tti napok gyakran a rohan\u00e1sr\u00f3l, a szervez\u00e9sr\u0151l \u00e9s a v\u00e9gtelen teend\u0151list\u00e1kr\u00f3l sz\u00f3lnak.<br data-start=\"247\" data-end=\"250\" \/>K\u00f6zben pedig k\u00f6nny\u0171 elfelejteni a legfontosabbat: <strong data-start=\"300\" data-end=\"350\">meg\u00e9lni az \u00e1tmenetet, miel\u0151tt feles\u00e9gg\u00e9 v\u00e1lsz.<\/strong><\/p>\n\t\t\t<\/div><\/div>\n\n<div data-block-name=\"woocommerce\/product-price\" data-style=\"{&quot;spacing&quot;:{&quot;padding&quot;:{&quot;bottom&quot;:&quot;16px&quot;}}}\" data-text-align=\"center\" class=\"wp-block-woocommerce-product-price\" data-wp-interactive=\"woocommerce\/product-elements\" data-wp-context='{\"productElementKey\":\"price_html\"}'><div class=\"wc-block-components-product-price wc-block-grid__product-price has-text-align-center\" style=\"padding-bottom:16px;\" data-wp-watch=\"callbacks.updateValue\" aria-live=\"polite\" aria-atomic=\"true\">\n\t\t\t\t\t<span class=\"woocommerce-Price-amount amount\" aria-hidden=\"true\"><bdi>4990&nbsp;<span class=\"woocommerce-Price-currencySymbol\" translate=\"no\">&#70;&#116;<\/span><\/bdi><\/span> <span aria-hidden=\"true\">&ndash;<\/span> <span class=\"woocommerce-Price-amount amount\" aria-hidden=\"true\"><bdi>6990&nbsp;<span class=\"woocommerce-Price-currencySymbol\" translate=\"no\">&#70;&#116;<\/span><\/bdi><\/span><span class=\"screen-reader-text\" data-no-translation=\"\" data-trp-gettext=\"\">Price range: 4990&nbsp;&#70;&#116; through 6990&nbsp;&#70;&#116;<\/span>\n\t\t\t\t<\/div><\/div>\n\n\n<div class=\"wp-block-buttons is-content-justification-center is-layout-flex wp-container-core-buttons-is-layout-fe48e5de wp-block-buttons-is-layout-flex\">\n<div class=\"wp-block-button\"><a class=\"wp-block-button__link wp-element-button\" href=\"https:\/\/marado.hu\/en\/product\/menyecske-kalendarium\/\">Buy now<\/a><\/div>\n<\/div>\n\n<\/div><\/div><\/div>","protected":false},"excerpt":{"rendered":"<p>I thought the period before the wedding would be all about happy preparations. Then, all suddenly, I realized that choosing the decorations, organizing everything, and making endless decisions felt more like a second shift at work than one of the most beautiful times of our lives. And I felt more and more like I was getting lost in all the planning. Meanwhile, I wasn\u2019t able to fully experience the very period I\u2019d been looking forward to so much. Then my bachelorette party came around. And my friends gave me something that ended up giving me so much more than I ever expected. A handmade Bride calendar. I looked forward to opening the messages every day with the same excitement I felt as a child opening the windows of my Advent chocolate calendar. It was more than just a calendar. At first, I thought it was just a cute gift. Then, day by day, it gave me more. In the week leading up to the wedding, I started every morning by opening that day\u2019s message and letting it guide me through the day. Not the stress. And something changed. The chaos slowly began to settle. Not just on the outside. On the inside, too. It helped me slow down. In the final rush before the wedding, it\u2019s very easy to lose ourselves. The Bride Calendar was a reminder to me that this period isn\u2019t just about the planning. It\u2019s about me. About us. The beginning of a new life. It helped: A memory of a transition When I opened it again later, it wasn\u2019t the stress that came to mind. But rather that period when I was slowly saying goodbye to one phase of my life. And getting ready to step into a new one. That\u2019s why I believe every bride needs a calendar like this. This period shouldn\u2019t be just about planning. It\u2019s important to be able to experience this transition. If there\u2019s a bride in your life, give her something that truly supports her. And if you are the bride: treat yourself to a tool that doesn\u2019t just organize, like wedding planning journals. It preserves. The Bride Calendar isn\u2019t a planner. It\u2019s a keepsake of the moments in your life.<\/p>","protected":false},"author":1,"featured_media":1366,"comment_status":"closed","ping_status":"open","sticky":false,"template":"","format":"standard","meta":{"_jetpack_newsletter_access":"","_jetpack_dont_email_post_to_subs":false,"_jetpack_newsletter_tier_id":0,"_jetpack_memberships_contains_paywalled_content":false,"_jetpack_feature_clip_id":0,"_jetpack_memberships_contains_paid_content":false,"footnotes":"","jetpack_post_was_ever_published":false},"categories":[4,1,537],"tags":[718,719,65,717,720,55,66,721],"class_list":["post-1365","post","type-post","status-publish","format-standard","has-post-thumbnail","hentry","category-ajandekotletek","category-inspiracio","category-menyecske-kalendarium-utmutato","tag-ajandek","tag-ajandekotlet","tag-eskuvo","tag-inspiracio-2","tag-lanybucsu","tag-marado","tag-menyasszony","tag-stressz"],"yoast_head":"<!-- This site is optimized with the Yoast SEO plugin v28.4 - https:\/\/yoast.com\/product\/yoast-seo-wordpress\/ -->\n<title>Stresszes vagy boldog? - Az esk\u00fcv\u0151 el\u0151tti h\u00e9t | marad\u00f3.<\/title>\n<meta name=\"description\" content=\"A Menyecske Kalend\u00e1rium nem egy tervez\u0151. Seg\u00edt meg\u00e9lni az esk\u00fcv\u0151 el\u0151tti id\u0151szakot nyugodtabban \u00e9s tudatosabban\" \/>\n<meta name=\"robots\" content=\"index, follow, max-snippet:-1, max-image-preview:large, max-video-preview:-1\" \/>\n<link rel=\"canonical\" href=\"https:\/\/marado.hu\/en\/stresszes-vagy-boldog-az-eskuvo-elotti-het\/\" \/>\n<meta property=\"og:locale\" content=\"en_US\" \/>\n<meta property=\"og:type\" content=\"article\" \/>\n<meta property=\"og:title\" content=\"Stresszes vagy boldog? - Az esk\u00fcv\u0151 el\u0151tti h\u00e9t | marad\u00f3.\" \/>\n<meta property=\"og:description\" content=\"A Menyecske Kalend\u00e1rium nem egy tervez\u0151. Seg\u00edt meg\u00e9lni az esk\u00fcv\u0151 el\u0151tti id\u0151szakot nyugodtabban \u00e9s tudatosabban\" \/>\n<meta property=\"og:url\" content=\"https:\/\/marado.hu\/en\/stresszes-vagy-boldog-az-eskuvo-elotti-het\/\" \/>\n<meta property=\"og:site_name\" content=\"marad\u00f3.\" \/>\n<meta property=\"article:publisher\" content=\"https:\/\/www.facebook.com\/profile.php?id=61583774536538\" \/>\n<meta property=\"article:published_time\" content=\"2026-05-23T13:08:04+00:00\" \/>\n<meta property=\"og:image\" content=\"https:\/\/marado.hu\/wp-content\/uploads\/2026\/05\/menyecske-kalendarium-zold-greenery.png\" \/>\n\t<meta property=\"og:image:width\" content=\"1536\" \/>\n\t<meta property=\"og:image:height\" content=\"1024\" \/>\n\t<meta property=\"og:image:type\" content=\"image\/png\" \/>\n<meta name=\"author\" content=\"adminMarado\" \/>\n<meta name=\"twitter:card\" content=\"summary_large_image\" \/>\n<meta name=\"twitter:label1\" content=\"Written by\" \/>\n\t<meta name=\"twitter:data1\" content=\"adminMarado\" \/>\n\t<meta name=\"twitter:label2\" content=\"Est. reading time\" \/>\n\t<meta name=\"twitter:data2\" content=\"2 minutes\" \/>\n<script type=\"application\/ld+json\" class=\"yoast-schema-graph\">{\"@context\":\"https:\\\/\\\/schema.org\",\"@graph\":[{\"@type\":\"Article\",\"@id\":\"https:\\\/\\\/marado.hu\\\/stresszes-vagy-boldog-az-eskuvo-elotti-het\\\/#article\",\"isPartOf\":{\"@id\":\"https:\\\/\\\/marado.hu\\\/stresszes-vagy-boldog-az-eskuvo-elotti-het\\\/\"},\"author\":{\"name\":\"adminMarado\",\"@id\":\"https:\\\/\\\/marado.hu\\\/#\\\/schema\\\/person\\\/2e4bb3fc7e673b4ad9b16953c9457762\"},\"headline\":\"Stresszes vagy boldog? &#8211; Az esk\u00fcv\u0151 el\u0151tti h\u00e9t\",\"datePublished\":\"2026-05-23T13:08:04+00:00\",\"mainEntityOfPage\":{\"@id\":\"https:\\\/\\\/marado.hu\\\/stresszes-vagy-boldog-az-eskuvo-elotti-het\\\/\"},\"wordCount\":432,\"publisher\":{\"@id\":\"https:\\\/\\\/marado.hu\\\/#organization\"},\"image\":{\"@id\":\"https:\\\/\\\/marado.hu\\\/stresszes-vagy-boldog-az-eskuvo-elotti-het\\\/#primaryimage\"},\"thumbnailUrl\":\"https:\\\/\\\/marado.hu\\\/wp-content\\\/uploads\\\/2026\\\/05\\\/menyecske-kalendarium-zold-greenery.png\",\"keywords\":[\"aj\u00e1nd\u00e9k\",\"aj\u00e1nd\u00e9k\u00f6tlet\",\"esk\u00fcv\u0151\",\"inspir\u00e1ci\u00f3\",\"l\u00e1nyb\u00facs\u00fa\",\"marad\u00f3\",\"menyasszony\",\"stressz\"],\"articleSection\":[\"Aj\u00e1nd\u00e9k\u00f6tletek\",\"Inspir\u00e1ci\u00f3\",\"Menyecske-kalend\u00e1rium \u00fatmutat\u00f3\"],\"inLanguage\":\"en-US\"},{\"@type\":\"WebPage\",\"@id\":\"https:\\\/\\\/marado.hu\\\/stresszes-vagy-boldog-az-eskuvo-elotti-het\\\/\",\"url\":\"https:\\\/\\\/marado.hu\\\/stresszes-vagy-boldog-az-eskuvo-elotti-het\\\/\",\"name\":\"Stresszes vagy boldog? - Az esk\u00fcv\u0151 el\u0151tti h\u00e9t | marad\u00f3.\",\"isPartOf\":{\"@id\":\"https:\\\/\\\/marado.hu\\\/#website\"},\"primaryImageOfPage\":{\"@id\":\"https:\\\/\\\/marado.hu\\\/stresszes-vagy-boldog-az-eskuvo-elotti-het\\\/#primaryimage\"},\"image\":{\"@id\":\"https:\\\/\\\/marado.hu\\\/stresszes-vagy-boldog-az-eskuvo-elotti-het\\\/#primaryimage\"},\"thumbnailUrl\":\"https:\\\/\\\/marado.hu\\\/wp-content\\\/uploads\\\/2026\\\/05\\\/menyecske-kalendarium-zold-greenery.png\",\"datePublished\":\"2026-05-23T13:08:04+00:00\",\"description\":\"A Menyecske Kalend\u00e1rium nem egy tervez\u0151. Seg\u00edt meg\u00e9lni az esk\u00fcv\u0151 el\u0151tti id\u0151szakot nyugodtabban \u00e9s tudatosabban\",\"breadcrumb\":{\"@id\":\"https:\\\/\\\/marado.hu\\\/stresszes-vagy-boldog-az-eskuvo-elotti-het\\\/#breadcrumb\"},\"inLanguage\":\"en-US\",\"potentialAction\":[{\"@type\":\"ReadAction\",\"target\":[\"https:\\\/\\\/marado.hu\\\/stresszes-vagy-boldog-az-eskuvo-elotti-het\\\/\"]}]},{\"@type\":\"ImageObject\",\"inLanguage\":\"en-US\",\"@id\":\"https:\\\/\\\/marado.hu\\\/stresszes-vagy-boldog-az-eskuvo-elotti-het\\\/#primaryimage\",\"url\":\"https:\\\/\\\/marado.hu\\\/wp-content\\\/uploads\\\/2026\\\/05\\\/menyecske-kalendarium-zold-greenery.png\",\"contentUrl\":\"https:\\\/\\\/marado.hu\\\/wp-content\\\/uploads\\\/2026\\\/05\\\/menyecske-kalendarium-zold-greenery.png\",\"width\":1536,\"height\":1024},{\"@type\":\"BreadcrumbList\",\"@id\":\"https:\\\/\\\/marado.hu\\\/stresszes-vagy-boldog-az-eskuvo-elotti-het\\\/#breadcrumb\",\"itemListElement\":[{\"@type\":\"ListItem\",\"position\":1,\"name\":\"Kezd\u0151lap\",\"item\":\"https:\\\/\\\/marado.hu\\\/\"},{\"@type\":\"ListItem\",\"position\":2,\"name\":\"Stresszes vagy boldog? &#8211; Az esk\u00fcv\u0151 el\u0151tti h\u00e9t\"}]},{\"@type\":\"WebSite\",\"@id\":\"https:\\\/\\\/marado.hu\\\/#website\",\"url\":\"https:\\\/\\\/marado.hu\\\/\",\"name\":\"marad\u00f3.\",\"description\":\"marad\u00f3. | mert van, ami \u00f6r\u00f6k\",\"publisher\":{\"@id\":\"https:\\\/\\\/marado.hu\\\/#organization\"},\"potentialAction\":[{\"@type\":\"SearchAction\",\"target\":{\"@type\":\"EntryPoint\",\"urlTemplate\":\"https:\\\/\\\/marado.hu\\\/?s={search_term_string}\"},\"query-input\":{\"@type\":\"PropertyValueSpecification\",\"valueRequired\":true,\"valueName\":\"search_term_string\"}}],\"inLanguage\":\"en-US\"},{\"@type\":\"Organization\",\"@id\":\"https:\\\/\\\/marado.hu\\\/#organization\",\"name\":\"marad\u00f3.\",\"url\":\"https:\\\/\\\/marado.hu\\\/\",\"logo\":{\"@type\":\"ImageObject\",\"inLanguage\":\"en-US\",\"@id\":\"https:\\\/\\\/marado.hu\\\/#\\\/schema\\\/logo\\\/image\\\/\",\"url\":\"https:\\\/\\\/marado.hu\\\/wp-content\\\/uploads\\\/2026\\\/02\\\/2.png\",\"contentUrl\":\"https:\\\/\\\/marado.hu\\\/wp-content\\\/uploads\\\/2026\\\/02\\\/2.png\",\"width\":2000,\"height\":2000,\"caption\":\"marad\u00f3.\"},\"image\":{\"@id\":\"https:\\\/\\\/marado.hu\\\/#\\\/schema\\\/logo\\\/image\\\/\"},\"sameAs\":[\"https:\\\/\\\/www.facebook.com\\\/profile.php?id=61583774536538\",\"https:\\\/\\\/pinterest.com\\\/maradostyle\",\"https:\\\/\\\/instagram.com\\\/maradostyle\"]},{\"@type\":\"Person\",\"@id\":\"https:\\\/\\\/marado.hu\\\/#\\\/schema\\\/person\\\/2e4bb3fc7e673b4ad9b16953c9457762\",\"name\":\"adminMarado\",\"sameAs\":[\"https:\\\/\\\/marado.hu\"],\"url\":\"https:\\\/\\\/marado.hu\\\/en\\\/author\\\/adminmarado\\\/\"}]}<\/script>\n<!-- \/ Yoast SEO plugin. -->","yoast_head_json":{"title":"Stresszes vagy boldog? - Az esk\u00fcv\u0151 el\u0151tti h\u00e9t | marad\u00f3.","description":"A Menyecske Kalend\u00e1rium nem egy tervez\u0151. Seg\u00edt meg\u00e9lni az esk\u00fcv\u0151 el\u0151tti id\u0151szakot nyugodtabban \u00e9s tudatosabban","robots":{"index":"index","follow":"follow","max-snippet":"max-snippet:-1","max-image-preview":"max-image-preview:large","max-video-preview":"max-video-preview:-1"},"canonical":"https:\/\/marado.hu\/en\/stresszes-vagy-boldog-az-eskuvo-elotti-het\/","og_locale":"en_US","og_type":"article","og_title":"Stresszes vagy boldog? - Az esk\u00fcv\u0151 el\u0151tti h\u00e9t | marad\u00f3.","og_description":"A Menyecske Kalend\u00e1rium nem egy tervez\u0151. Seg\u00edt meg\u00e9lni az esk\u00fcv\u0151 el\u0151tti id\u0151szakot nyugodtabban \u00e9s tudatosabban","og_url":"https:\/\/marado.hu\/en\/stresszes-vagy-boldog-az-eskuvo-elotti-het\/","og_site_name":"marad\u00f3.","article_publisher":"https:\/\/www.facebook.com\/profile.php?id=61583774536538","article_published_time":"2026-05-23T13:08:04+00:00","og_image":[{"width":1536,"height":1024,"url":"https:\/\/marado.hu\/wp-content\/uploads\/2026\/05\/menyecske-kalendarium-zold-greenery.png","type":"image\/png"}],"author":"adminMarado","twitter_card":"summary_large_image","twitter_misc":{"Written by":"adminMarado","Est. reading time":"2 minutes"},"schema":{"@context":"https:\/\/schema.org","@graph":[{"@type":"Article","@id":"https:\/\/marado.hu\/stresszes-vagy-boldog-az-eskuvo-elotti-het\/#article","isPartOf":{"@id":"https:\/\/marado.hu\/stresszes-vagy-boldog-az-eskuvo-elotti-het\/"},"author":{"name":"adminMarado","@id":"https:\/\/marado.hu\/#\/schema\/person\/2e4bb3fc7e673b4ad9b16953c9457762"},"headline":"Stresszes vagy boldog? &#8211; Az esk\u00fcv\u0151 el\u0151tti h\u00e9t","datePublished":"2026-05-23T13:08:04+00:00","mainEntityOfPage":{"@id":"https:\/\/marado.hu\/stresszes-vagy-boldog-az-eskuvo-elotti-het\/"},"wordCount":432,"publisher":{"@id":"https:\/\/marado.hu\/#organization"},"image":{"@id":"https:\/\/marado.hu\/stresszes-vagy-boldog-az-eskuvo-elotti-het\/#primaryimage"},"thumbnailUrl":"https:\/\/marado.hu\/wp-content\/uploads\/2026\/05\/menyecske-kalendarium-zold-greenery.png","keywords":["aj\u00e1nd\u00e9k","aj\u00e1nd\u00e9k\u00f6tlet","esk\u00fcv\u0151","inspir\u00e1ci\u00f3","l\u00e1nyb\u00facs\u00fa","marad\u00f3","menyasszony","stressz"],"articleSection":["Aj\u00e1nd\u00e9k\u00f6tletek","Inspir\u00e1ci\u00f3","Menyecske-kalend\u00e1rium \u00fatmutat\u00f3"],"inLanguage":"en-US"},{"@type":"WebPage","@id":"https:\/\/marado.hu\/stresszes-vagy-boldog-az-eskuvo-elotti-het\/","url":"https:\/\/marado.hu\/stresszes-vagy-boldog-az-eskuvo-elotti-het\/","name":"Stresszes vagy boldog? - Az esk\u00fcv\u0151 el\u0151tti h\u00e9t | marad\u00f3.","isPartOf":{"@id":"https:\/\/marado.hu\/#website"},"primaryImageOfPage":{"@id":"https:\/\/marado.hu\/stresszes-vagy-boldog-az-eskuvo-elotti-het\/#primaryimage"},"image":{"@id":"https:\/\/marado.hu\/stresszes-vagy-boldog-az-eskuvo-elotti-het\/#primaryimage"},"thumbnailUrl":"https:\/\/marado.hu\/wp-content\/uploads\/2026\/05\/menyecske-kalendarium-zold-greenery.png","datePublished":"2026-05-23T13:08:04+00:00","description":"A Menyecske Kalend\u00e1rium nem egy tervez\u0151. Seg\u00edt meg\u00e9lni az esk\u00fcv\u0151 el\u0151tti id\u0151szakot nyugodtabban \u00e9s tudatosabban","breadcrumb":{"@id":"https:\/\/marado.hu\/stresszes-vagy-boldog-az-eskuvo-elotti-het\/#breadcrumb"},"inLanguage":"en-US","potentialAction":[{"@type":"ReadAction","target":["https:\/\/marado.hu\/stresszes-vagy-boldog-az-eskuvo-elotti-het\/"]}]},{"@type":"ImageObject","inLanguage":"en-US","@id":"https:\/\/marado.hu\/stresszes-vagy-boldog-az-eskuvo-elotti-het\/#primaryimage","url":"https:\/\/marado.hu\/wp-content\/uploads\/2026\/05\/menyecske-kalendarium-zold-greenery.png","contentUrl":"https:\/\/marado.hu\/wp-content\/uploads\/2026\/05\/menyecske-kalendarium-zold-greenery.png","width":1536,"height":1024},{"@type":"BreadcrumbList","@id":"https:\/\/marado.hu\/stresszes-vagy-boldog-az-eskuvo-elotti-het\/#breadcrumb","itemListElement":[{"@type":"ListItem","position":1,"name":"Kezd\u0151lap","item":"https:\/\/marado.hu\/"},{"@type":"ListItem","position":2,"name":"Stresszes vagy boldog? &#8211; Az esk\u00fcv\u0151 el\u0151tti h\u00e9t"}]},{"@type":"WebSite","@id":"https:\/\/marado.hu\/#website","url":"https:\/\/marado.hu\/","name":"marad\u00f3.","description":"marad\u00f3. | some things are eternal","publisher":{"@id":"https:\/\/marado.hu\/#organization"},"potentialAction":[{"@type":"SearchAction","target":{"@type":"EntryPoint","urlTemplate":"https:\/\/marado.hu\/?s={search_term_string}"},"query-input":{"@type":"PropertyValueSpecification","valueRequired":true,"valueName":"search_term_string"}}],"inLanguage":"en-US"},{"@type":"Organization","@id":"https:\/\/marado.hu\/#organization","name":"marad\u00f3.","url":"https:\/\/marado.hu\/","logo":{"@type":"ImageObject","inLanguage":"en-US","@id":"https:\/\/marado.hu\/#\/schema\/logo\/image\/","url":"https:\/\/marado.hu\/wp-content\/uploads\/2026\/02\/2.png","contentUrl":"https:\/\/marado.hu\/wp-content\/uploads\/2026\/02\/2.png","width":2000,"height":2000,"caption":"marad\u00f3."},"image":{"@id":"https:\/\/marado.hu\/#\/schema\/logo\/image\/"},"sameAs":["https:\/\/www.facebook.com\/profile.php?id=61583774536538","https:\/\/pinterest.com\/maradostyle","https:\/\/instagram.com\/maradostyle"]},{"@type":"Person","@id":"https:\/\/marado.hu\/#\/schema\/person\/2e4bb3fc7e673b4ad9b16953c9457762","name":"adminMarado","sameAs":["https:\/\/marado.hu"],"url":"https:\/\/marado.hu\/en\/author\/adminmarado\/"}]}},"jetpack_sharing_enabled":true,"jetpack_featured_media_url":"https:\/\/marado.hu\/wp-content\/uploads\/2026\/05\/menyecske-kalendarium-zold-greenery.png","_links":{"self":[{"href":"https:\/\/marado.hu\/en\/wp-json\/wp\/v2\/posts\/1365","targetHints":{"allow":["GET"]}}],"collection":[{"href":"https:\/\/marado.hu\/en\/wp-json\/wp\/v2\/posts"}],"about":[{"href":"https:\/\/marado.hu\/en\/wp-json\/wp\/v2\/types\/post"}],"author":[{"embeddable":true,"href":"https:\/\/marado.hu\/en\/wp-json\/wp\/v2\/users\/1"}],"replies":[{"embeddable":true,"href":"https:\/\/marado.hu\/en\/wp-json\/wp\/v2\/comments?post=1365"}],"version-history":[{"count":1,"href":"https:\/\/marado.hu\/en\/wp-json\/wp\/v2\/posts\/1365\/revisions"}],"predecessor-version":[{"id":1367,"href":"https:\/\/marado.hu\/en\/wp-json\/wp\/v2\/posts\/1365\/revisions\/1367"}],"wp:featuredmedia":[{"embeddable":true,"href":"https:\/\/marado.hu\/en\/wp-json\/wp\/v2\/media\/1366"}],"wp:attachment":[{"href":"https:\/\/marado.hu\/en\/wp-json\/wp\/v2\/media?parent=1365"}],"wp:term":[{"taxonomy":"category","embeddable":true,"href":"https:\/\/marado.hu\/en\/wp-json\/wp\/v2\/categories?post=1365"},{"taxonomy":"post_tag","embeddable":true,"href":"https:\/\/marado.hu\/en\/wp-json\/wp\/v2\/tags?post=1365"}],"curies":[{"name":"wp","href":"https:\/\/api.w.org\/{rel}","templated":true}]}}