{"id":1317,"date":"2026-06-11T12:36:59","date_gmt":"2026-06-11T12:36:59","guid":{"rendered":"https:\/\/marado.hu\/?p=1317"},"modified":"2026-06-11T12:37:00","modified_gmt":"2026-06-11T12:37:00","slug":"igy-viselj-gyongyos-hajdiszt-nyaron","status":"publish","type":"post","link":"https:\/\/marado.hu\/en\/igy-viselj-gyongyos-hajdiszt-nyaron\/","title":{"rendered":"Ny\u00e1ri esk\u00fcv\u0151i inspir\u00e1ci\u00f3: \u00edgy viselj gy\u00f6ngy\u00f6s hajd\u00edszt ny\u00e1ron"},"content":{"rendered":"<p class=\"wp-block-paragraph\"><\/p>\n\n\n\n<p class=\"wp-block-paragraph\">A ny\u00e1ri esk\u00fcv\u0151kben van valami eg\u00e9szen k\u00fcl\u00f6nleges: meleg f\u00e9nyek, k\u00f6nnyed anyagok, l\u00e9gies ruh\u00e1k, term\u00e9szetesebb frizur\u00e1k \u00e9s finom, ragyog\u00f3 r\u00e9szletek. Ilyenkor a menyasszonyi megjelen\u00e9s akkor a legszebb, ha nem t\u00fal neh\u00e9z, nem t\u00fal merev, hanem l\u00e1gyan k\u00f6veti a ny\u00e1r hangulat\u00e1t.<\/p>\n\n\n\n<p class=\"wp-block-paragraph\">A gy\u00f6ngy\u00f6s hajd\u00edsz pontosan ez\u00e9rt t\u00f6k\u00e9letes v\u00e1laszt\u00e1s ny\u00e1ri menyasszonyoknak. Egyszerre eleg\u00e1ns, romantikus \u00e9s id\u0151t\u00e1ll\u00f3, m\u00e9gsem hat t\u00fal soknak. Egy apr\u00f3 gy\u00f6ngy\u00f6s hajt\u0171 vagy szol\u00eddabb csat sz\u00e9pen kiemeli a frizur\u00e1t, mik\u00f6zben meg\u0151rzi a megjelen\u00e9s k\u00f6nnyeds\u00e9g\u00e9t.<\/p>\n\n\n\n<p class=\"wp-block-paragraph\"><strong><a href=\"https:\/\/marado.hu\/en\/product-category\/ekszerek\/hajekszerek\/\">N\u00e9zz k\u00f6r\u00fcl a marad\u00f3. hajd\u00edszv\u00e1laszt\u00e9k\u00e1ban!<\/a><\/strong><\/p>\n\n\n\n<hr class=\"wp-block-separator has-alpha-channel-opacity\"\/>\n\n\n\n<h2 class=\"wp-block-heading\">Mi\u00e9rt m\u0171k\u00f6dik olyan j\u00f3l a gy\u00f6ngy ny\u00e1ron?<\/h2>\n\n\n\n<p class=\"wp-block-paragraph\">A gy\u00f6ngy k\u00fcl\u00f6nlegess\u00e9ge, hogy nem hars\u00e1nyan csillog, hanem finoman f\u00e9nylik. Ez ny\u00e1ron k\u00fcl\u00f6n\u00f6sen el\u0151ny\u00f6s, mert term\u00e9szetes f\u00e9nyben, k\u00fclt\u00e9ri szertart\u00e1son, naplement\u00e9s fot\u00f3z\u00e1son vagy esti vacsor\u00e1n is l\u00e1gy, n\u0151ies hat\u00e1st ad.<\/p>\n\n\n\n<p class=\"wp-block-paragraph\">A gy\u00f6ngy\u00f6s hajd\u00edszek nem veszik el a figyelmet a ruh\u00e1r\u00f3l, az arcr\u00f3l vagy a frizur\u00e1r\u00f3l, ink\u00e1bb \u00f6sszefogj\u00e1k a teljes menyasszonyi megjelen\u00e9st. Ett\u0151l lesz a hat\u00e1s eleg\u00e1ns, de nem t\u00faltervezett.<\/p>\n\n\n\n<p class=\"wp-block-paragraph\">A 2026-os menyasszonyi kieg\u00e9sz\u00edt\u0151 trendekben tov\u00e1bbra is er\u0151sen jelen vannak a gy\u00f6ngy\u00f6k, a romantikus text\u00far\u00e1k, a szem\u00e9lyesebb kieg\u00e9sz\u00edt\u0151k \u00e9s a modern, m\u00e9gis id\u0151t\u00e1ll\u00f3 r\u00e9szletek. A menyasszonyi f\u00e1tyoltrendekn\u00e9l is megjelenik a gy\u00f6ngyd\u00edsz\u00edt\u00e9s, a 3D vir\u00e1gos r\u00e9szletek, a csipk\u00e9s hat\u00e1s \u00e9s ezek kombin\u00e1ci\u00f3ja is, szem\u00e9lyre szabottan.<\/p>\n\n\n\n<hr class=\"wp-block-separator has-alpha-channel-opacity\"\/>\n\n\n\n<h2 class=\"wp-block-heading\">L\u00e9gies r\u00e9szletek: a ny\u00e1ri menyasszonyi st\u00edlus titka<\/h2>\n\n\n\n<p class=\"wp-block-paragraph\">A menyasszonyi megjelen\u00e9sre is igazak az \u00f6lt\u00f6zk\u00f6d\u00e9s alapszab\u00e1lyai. Ny\u00e1ron a legszebb esk\u00fcv\u0151i kieg\u00e9sz\u00edt\u0151k azok, amelyek nem nehez\u00edtik el az \u00f6sszhat\u00e1st. Egy k\u00f6nnyed t\u00fcllf\u00e1tyol, egy laza konty, egy puha hull\u00e1mos frizura vagy egy ujjatlan ruha mell\u00e9 nem felt\u00e9tlen\u00fcl kell nagy, l\u00e1tv\u00e1nyos fejd\u00edsz.<\/p>\n\n\n<div class=\"yoast-breadcrumbs\"><span><span><a href=\"https:\/\/marado.hu\/en\/\">Kezd\u0151lap<\/a><\/span> \u00bb <span class=\"breadcrumb_last\" aria-current=\"page\">Ny\u00e1ri esk\u00fcv\u0151i inspir\u00e1ci\u00f3: \u00edgy viselj gy\u00f6ngy\u00f6s hajd\u00edszt ny\u00e1ron<\/span><\/span><\/div>\n\n\n<p class=\"wp-block-paragraph\">Sokszor \u00e9pp a finom r\u00e9szletek m\u0171k\u00f6dnek a legjobban:<\/p>\n\n\n\n<ul class=\"wp-block-list\">\n<li><a href=\"https:\/\/marado.hu\/en\/product\/minimalista-gyongyos-hajtu-szett-ezust-szinben\/\">apr\u00f3 gy\u00f6ngy hajt\u0171k<\/a> laza kontyba az igaz\u00e1n romantikus sziluett\u00e9rt,<\/li>\n\n\n\n<li><a href=\"https:\/\/marado.hu\/en\/product\/francia-csat-strassz-es-akril-gyongyokkel\/\">gy\u00f6ngy\u00f6s hajcsat<\/a> alacsony kontyhoz a hercegn\u0151sebb \u00f6sszhat\u00e1s\u00e9rt,<\/li>\n\n\n\n<li><a href=\"https:\/\/marado.hu\/en\/product\/gyongyos-marado-hajdisz-kezzel-keszult-13-nagy-gyonggyel\/\">gy\u00f6ngyb\u0151l k\u00e9sz\u00fclt f\u00fcz\u00e9r<\/a> f\u00e9lkontyhoz a letisztult de eleg\u00e1ns frizur\u00e1khoz,<\/li>\n\n\n\n<li><a href=\"https:\/\/marado.hu\/en\/product\/marado-hajdisz-kezzel-keszult-10-gyonggyel\/\">barokk gy\u00f6ngy\u00f6s haj\u00e9kszer <\/a>hull\u00e1mos hajhoz a Boho-chic st\u00edlus kedvel\u0151inek,<\/li>\n\n\n\n<li><a href=\"https:\/\/marado.hu\/en\/product\/gyongyhazfenyu-menyasszonyi-hajdisz-szett-2-db-hajtuvel\/\">kisebb gy\u00f6ngy\u00f6s d\u00edszek<\/a> f\u00e1tyol mell\u00e9 a klasszikus eleg\u00e1ns megjelen\u00e9s\u00e9rt.<\/li>\n<\/ul>\n\n\n\n<p class=\"wp-block-paragraph\">A l\u00e9gies gy\u00f6ngy\u00f6s hajd\u00edsz az\u00e9rt j\u00f3, mert nem \u201er\u00e1\u00fcl\u201d a frizur\u00e1ra, hanem belesimul. Nem t\u00fal er\u0151s, m\u00e9gis l\u00e1tszik. Nem neh\u00e9z, m\u00e9gis \u00fcnnepi.<\/p>\n\n\n\n<hr class=\"wp-block-separator has-alpha-channel-opacity\"\/>\n\n\n\n<h2 class=\"wp-block-heading\">Gy\u00f6ngy\u00f6s hajd\u00edsz \u00e9s f\u00e1tyol: igen, m\u0171k\u00f6dik egy\u00fctt<\/h2>\n\n\n\n<p class=\"wp-block-paragraph\">Sokan tartanak att\u00f3l, hogy a f\u00e1tyol \u00e9s a hajd\u00edsz egy\u00fctt m\u00e1r t\u00fal sok lesz. Pedig j\u00f3l megv\u00e1lasztva kifejezetten harmonikus lehet.<\/p>\n\n\n\n<p class=\"wp-block-paragraph\">Ha a f\u00e1tyolod egyszer\u0171, letisztult t\u00fcll, akkor egy gy\u00f6ngy\u00f6s hajf\u00e9s\u0171 vagy p\u00e1r apr\u00f3 gy\u00f6ngy hajt\u0171 gy\u00f6ny\u00f6r\u0171en kiemeli a frizur\u00e1t. Ha a f\u00e1tyolod m\u00e1r eleve gy\u00f6ngy\u00f6s, akkor \u00e9rdemes visszafogottabb hajd\u00edszt v\u00e1lasztani, hogy az \u00f6sszhat\u00e1s ne legyen zs\u00fafolt.<\/p>\n\n\n\n<p class=\"wp-block-paragraph\">A kulcs az ar\u00e1ny.<\/p>\n\n\n\n<p class=\"wp-block-paragraph\">Egyszer\u0171 f\u00e1tyol mell\u00e9 j\u00f6het <a href=\"https:\/\/marado.hu\/en\/product\/francia-csat-strassz-es-akril-gyongyokkel\/\">hangs\u00falyosabb gy\u00f6ngy\u00f6s hajd\u00edsz<\/a>, esetleg strasszk\u00f6vekkel kieg\u00e9sz\u00edtve.<br>Gy\u00f6ngy\u00f6s f\u00e1tyol mell\u00e9 szebb a finomabb, <a href=\"https:\/\/marado.hu\/en\/product\/gyongyos-hajtu-szett-ovalis-akril-gyongyokkel\/\">kisebb hajt\u0171<\/a> vagy visszafogott haj\u00e9kszer.<\/p>\n\n\n\n<p class=\"wp-block-paragraph\">A Pearl &amp; Lace 2026-os menyasszonyi kieg\u00e9sz\u00edt\u0151trendjei k\u00f6z\u00f6tt a barokk gy\u00f6ngy\u00f6k, modern form\u00e1k, aszimmetrikus r\u00e9szletek \u00e9s kifinomult gy\u00f6ngy\u00f6s \u00e9kszerek is megjelennek, ami j\u00f3l mutatja, hogy a gy\u00f6ngy ma m\u00e1r nem csak klasszikus, hanem modern menyasszonyi v\u00e1laszt\u00e1s is lehet.<\/p>\n\n\n\n<p class=\"wp-block-paragraph\"><\/p>\n\n\n\n<hr class=\"wp-block-separator has-alpha-channel-opacity\"\/>\n\n\n\n<h2 class=\"wp-block-heading\">Ujjatlan ruha mell\u00e9 k\u00fcl\u00f6n\u00f6sen fontosak a haj- \u00e9s \u00e9kszerr\u00e9szletek<\/h2>\n\n\n\n<p class=\"wp-block-paragraph\">Ny\u00e1ron sok menyasszony v\u00e1laszt ujjatlan, spagettip\u00e1ntos, v\u00e1llat szabadon hagy\u00f3 vagy m\u00e9lyebb kiv\u00e1g\u00e1s\u00fa ruh\u00e1t. Ezek gy\u00f6ny\u00f6r\u0171en m\u0171k\u00f6dnek a melegben, de van egy fontos st\u00edlusbeli hat\u00e1suk: t\u00f6bb figyelem ker\u00fcl a nyakra, v\u00e1llra, arcra \u00e9s hajra.<\/p>\n\n\n\n<p class=\"wp-block-paragraph\">Ilyenkor a hajd\u00edsz m\u00e1r nem csak apr\u00f3 kieg\u00e9sz\u00edt\u0151. A teljes megjelen\u00e9s egyik k\u00f6zponti eleme lesz.<\/p>\n\n\n\n<p class=\"wp-block-paragraph\">Egy ujjatlan ruha mellett a gy\u00f6ngy\u00f6s hajd\u00edsz seg\u00edt kiegyens\u00falyozni az \u00f6sszhat\u00e1st. Ha a ruha letisztult, a hajban l\u00e9v\u0151 gy\u00f6ngy\u00f6k adnak neki finom \u00fcnnep\u00e9lyess\u00e9get. Ha a ruha romantikusabb, a gy\u00f6ngy\u00f6s haj\u00e9kszer sz\u00e9pen tov\u00e1bbviszi ezt a hangulatot.<\/p>\n\n\n\n<p class=\"wp-block-paragraph\">Ez k\u00fcl\u00f6n\u00f6sen j\u00f3l m\u0171k\u00f6dik:<\/p>\n\n\n\n<ul class=\"wp-block-list\">\n<li>alacsony kontyn\u00e1l,<\/li>\n\n\n\n<li>laza felt\u0171z\u00f6tt frizur\u00e1n\u00e1l,<\/li>\n\n\n\n<li>oldalra t\u0171z\u00f6tt hull\u00e1mokn\u00e1l,<\/li>\n\n\n\n<li>f\u00e9lkontyn\u00e1l,<\/li>\n\n\n\n<li>f\u00e1tyollal kombin\u00e1lt frizur\u00e1n\u00e1l.<\/li>\n\n\n\n<li><\/li>\n<\/ul>\n\n\n\n<hr class=\"wp-block-separator has-alpha-channel-opacity\"\/>\n\n\n\n<h2 class=\"wp-block-heading\">K\u00e9t plusz \u00e9rv, ami\u00e9rt \u00e9rdemes gy\u00f6ngy\u00f6s hajd\u00edszt v\u00e1lasztani<\/h2>\n\n\n\n<h2 class=\"wp-block-heading\">1. A gy\u00f6ngy j\u00f3l mutat a fot\u00f3kon<\/h2>\n\n\n\n<p class=\"wp-block-paragraph\">Egy ny\u00e1ri esk\u00fcv\u0151n a f\u00e9nyek folyamatosan v\u00e1ltoznak: d\u00e9lel\u0151tti k\u00e9sz\u00fcl\u0151d\u00e9s, k\u00fclt\u00e9ri szertart\u00e1s, d\u00e9lut\u00e1ni fot\u00f3z\u00e1s, esti vacsora. A gy\u00f6ngy el\u0151nye, hogy nem \u00e9les, vak\u00edt\u00f3 csillog\u00e1st ad, hanem puha f\u00e9nyt.<\/p>\n\n\n\n<p class=\"wp-block-paragraph\">Ez a fot\u00f3kon nagyon sz\u00e9pen m\u0171k\u00f6dik. K\u00fcl\u00f6n\u00f6sen term\u00e9szetes f\u00e9nyben, arany\u00f3r\u00e1ban, vil\u00e1gos ruh\u00e1kkal \u00e9s finom sminkkel.<\/p>\n\n\n\n<p class=\"wp-block-paragraph\">Ha szeretn\u00e9l olyan r\u00e9szletet, ami k\u00f6zelk\u00e9peken, frizurafot\u00f3kon \u00e9s teljes alakos k\u00e9peken is megjelenik, a gy\u00f6ngy\u00f6s hajd\u00edsz j\u00f3 v\u00e1laszt\u00e1s.<\/p>\n\n\n\n<h2 class=\"wp-block-heading\">2. A hajd\u00edsz a szertart\u00e1s ut\u00e1n is megmarad<\/h2>\n\n\n\n<p class=\"wp-block-paragraph\">A f\u00e1tylat sok menyasszony leveszi a vacsor\u00e1ra vagy a bulira. A hajd\u00edsz viszont maradhat. Ez\u00e9rt praktikus is: akkor is ad \u00fcnnepi r\u00e9szletet a frizur\u00e1nak, amikor a f\u00e1tyol m\u00e1r nincs rajtad.<\/p>\n\n\n\n<p class=\"wp-block-paragraph\">Egy j\u00f3l kiv\u00e1lasztott gy\u00f6ngy hajt\u0171 vagy hajf\u00e9s\u0171 v\u00e9gigk\u00eds\u00e9rheti az eg\u00e9sz napot: a k\u00e9sz\u00fcl\u0151d\u00e9st\u0151l a szertart\u00e1son \u00e1t az esti t\u00e1ncig. S\u0151t, k\u00e9s\u0151bb m\u00e1s alkalmakra is el\u0151veheted: \u00e9vfordul\u00f3s fot\u00f3z\u00e1sra, eleg\u00e1ns esem\u00e9nyre vagy ak\u00e1r csal\u00e1di \u00fcnnepre.<\/p>\n\n\n\n<p class=\"wp-block-paragraph\">Ez\u00e9rt nem egyszer haszn\u00e1latos r\u00e9szletk\u00e9nt \u00e9rdemes gondolni r\u00e1, hanem olyan kieg\u00e9sz\u00edt\u0151k\u00e9nt, ami hosszabb t\u00e1von is eml\u00e9ket \u00e9s \u00e9rt\u00e9ket hordoz.<\/p>\n\n\n\n<hr class=\"wp-block-separator has-alpha-channel-opacity\"\/>\n\n\n\n<h2 class=\"wp-block-heading\">Tal\u00e1ld meg a ny\u00e1ri menyasszonyi hajd\u00edszed<\/h2>\n\n\n\n<p class=\"wp-block-paragraph\">A ny\u00e1ri menyasszonyi st\u00edlus akkor igaz\u00e1n sz\u00e9p, ha k\u00f6nnyed, szem\u00e9lyes \u00e9s harmonikus. A gy\u00f6ngy\u00f6s hajd\u00edsz pontosan ezt adja hozz\u00e1: finom f\u00e9nyt, eleganci\u00e1t \u00e9s egy olyan r\u00e9szletet, ami nem nyomja el a ruh\u00e1t, hanem teljess\u00e9 teszi a megjelen\u00e9st.<\/p>\n\n\n\n<p class=\"wp-block-paragraph\">Ak\u00e1r f\u00e1tyollal viseled, ak\u00e1r an\u00e9lk\u00fcl, ak\u00e1r kontyhoz, f\u00e9lkontyhoz vagy hull\u00e1mos frizur\u00e1hoz v\u00e1lasztod, a gy\u00f6ngy id\u0151t\u00e1ll\u00f3 \u00e9s n\u0151ies megold\u00e1s.<\/p>\n\n\n\n<p class=\"wp-block-paragraph\"><strong>N\u00e9zd meg a k\u00e9zzel k\u00e9sz\u00fclt gy\u00f6ngy\u00f6s menyasszonyi hajd\u00edszeket, \u00e9s tal\u00e1ld meg azt a darabot, amelyik a te ny\u00e1ri esk\u00fcv\u0151i st\u00edlusodhoz illik.<\/strong><\/p>\n\n\n\n<div class=\"wp-block-buttons is-content-justification-center is-layout-flex wp-container-core-buttons-is-layout-fe48e5de wp-block-buttons-is-layout-flex\">\n<div class=\"wp-block-button\"><a class=\"wp-block-button__link wp-element-button\" href=\"https:\/\/marado.hu\/en\/product-category\/ekszerek\/hajekszerek\/\">Megn\u00e9zem a menyasszonyi hajd\u00edszeket<\/a><\/div>\n<\/div>\n\n\n\n<hr class=\"wp-block-separator has-alpha-channel-opacity\"\/>\n\n\n\n<h2 class=\"wp-block-heading\">Forr\u00e1sok<\/h2>\n\n\n\n<p class=\"wp-block-paragraph\">A cikk saj\u00e1t megfogalmaz\u00e1sban k\u00e9sz\u00fclt. A menyasszonyi kieg\u00e9sz\u00edt\u0151trendekkel kapcsolatos h\u00e1tt\u00e9rinform\u00e1ci\u00f3k nyilv\u00e1nosan el\u00e9rhet\u0151 forr\u00e1sokon alapulnak: Rebecca Anne Designs \u2013 2026 bridal veil trends; Pearl &amp; Lace \u2013 Bridal Accessories Trends for 2026. A cikk nem tartalmaz sz\u00f3 szerint \u00e1tvett id\u00e9zetet.<\/p>\n\n\n\n<p class=\"wp-block-paragraph\"><\/p>","protected":false},"excerpt":{"rendered":"<p>A ny\u00e1ri esk\u00fcv\u0151kben van valami eg\u00e9szen k\u00fcl\u00f6nleges: meleg f\u00e9nyek, k\u00f6nnyed anyagok, l\u00e9gies ruh\u00e1k, term\u00e9szetesebb frizur\u00e1k \u00e9s finom, ragyog\u00f3 r\u00e9szletek. Ilyenkor a menyasszonyi megjelen\u00e9s akkor a legszebb, ha nem t\u00fal neh\u00e9z, nem t\u00fal merev, hanem l\u00e1gyan k\u00f6veti a ny\u00e1r hangulat\u00e1t. A gy\u00f6ngy\u00f6s hajd\u00edsz pontosan ez\u00e9rt t\u00f6k\u00e9letes v\u00e1laszt\u00e1s ny\u00e1ri menyasszonyoknak. Egyszerre eleg\u00e1ns, romantikus \u00e9s id\u0151t\u00e1ll\u00f3, m\u00e9gsem hat t\u00fal soknak. Egy apr\u00f3 gy\u00f6ngy\u00f6s hajt\u0171 vagy szol\u00eddabb csat sz\u00e9pen kiemeli a frizur\u00e1t, mik\u00f6zben meg\u0151rzi a megjelen\u00e9s k\u00f6nnyeds\u00e9g\u00e9t. N\u00e9zz k\u00f6r\u00fcl a marad\u00f3. hajd\u00edszv\u00e1laszt\u00e9k\u00e1ban! Mi\u00e9rt m\u0171k\u00f6dik olyan j\u00f3l a gy\u00f6ngy ny\u00e1ron? A gy\u00f6ngy k\u00fcl\u00f6nlegess\u00e9ge, hogy nem hars\u00e1nyan csillog, hanem finoman f\u00e9nylik. Ez ny\u00e1ron k\u00fcl\u00f6n\u00f6sen el\u0151ny\u00f6s, mert term\u00e9szetes f\u00e9nyben, k\u00fclt\u00e9ri szertart\u00e1son, naplement\u00e9s fot\u00f3z\u00e1son vagy esti vacsor\u00e1n is l\u00e1gy, n\u0151ies hat\u00e1st ad. A gy\u00f6ngy\u00f6s hajd\u00edszek nem veszik el a figyelmet a ruh\u00e1r\u00f3l, az arcr\u00f3l vagy a frizur\u00e1r\u00f3l, ink\u00e1bb \u00f6sszefogj\u00e1k a teljes menyasszonyi megjelen\u00e9st. Ett\u0151l lesz a hat\u00e1s eleg\u00e1ns, de nem t\u00faltervezett. A 2026-os menyasszonyi kieg\u00e9sz\u00edt\u0151 trendekben tov\u00e1bbra is er\u0151sen jelen vannak a gy\u00f6ngy\u00f6k, a romantikus text\u00far\u00e1k, a szem\u00e9lyesebb kieg\u00e9sz\u00edt\u0151k \u00e9s a modern, m\u00e9gis id\u0151t\u00e1ll\u00f3 r\u00e9szletek. A menyasszonyi f\u00e1tyoltrendekn\u00e9l is megjelenik a gy\u00f6ngyd\u00edsz\u00edt\u00e9s, a 3D vir\u00e1gos r\u00e9szletek, a csipk\u00e9s hat\u00e1s \u00e9s ezek kombin\u00e1ci\u00f3ja is, szem\u00e9lyre szabottan. L\u00e9gies r\u00e9szletek: a ny\u00e1ri menyasszonyi st\u00edlus titka A menyasszonyi megjelen\u00e9sre is igazak az \u00f6lt\u00f6zk\u00f6d\u00e9s alapszab\u00e1lyai. Ny\u00e1ron a legszebb esk\u00fcv\u0151i kieg\u00e9sz\u00edt\u0151k azok, amelyek nem nehez\u00edtik el az \u00f6sszhat\u00e1st. Egy k\u00f6nnyed t\u00fcllf\u00e1tyol, egy laza konty, egy puha hull\u00e1mos frizura vagy egy ujjatlan ruha mell\u00e9 nem felt\u00e9tlen\u00fcl kell nagy, l\u00e1tv\u00e1nyos fejd\u00edsz. Sokszor \u00e9pp a finom r\u00e9szletek m\u0171k\u00f6dnek a legjobban: A l\u00e9gies gy\u00f6ngy\u00f6s hajd\u00edsz az\u00e9rt j\u00f3, mert nem \u201er\u00e1\u00fcl\u201d a frizur\u00e1ra, hanem belesimul. Nem t\u00fal er\u0151s, m\u00e9gis l\u00e1tszik. Nem neh\u00e9z, m\u00e9gis \u00fcnnepi. Gy\u00f6ngy\u00f6s hajd\u00edsz \u00e9s f\u00e1tyol: igen, m\u0171k\u00f6dik egy\u00fctt Sokan tartanak att\u00f3l, hogy a f\u00e1tyol \u00e9s a hajd\u00edsz egy\u00fctt m\u00e1r t\u00fal sok lesz. Pedig j\u00f3l megv\u00e1lasztva kifejezetten harmonikus lehet. Ha a f\u00e1tyolod egyszer\u0171, letisztult t\u00fcll, akkor egy gy\u00f6ngy\u00f6s hajf\u00e9s\u0171 vagy p\u00e1r apr\u00f3 gy\u00f6ngy hajt\u0171 gy\u00f6ny\u00f6r\u0171en kiemeli a frizur\u00e1t. Ha a f\u00e1tyolod m\u00e1r eleve gy\u00f6ngy\u00f6s, akkor \u00e9rdemes visszafogottabb hajd\u00edszt v\u00e1lasztani, hogy az \u00f6sszhat\u00e1s ne legyen zs\u00fafolt. A kulcs az ar\u00e1ny. Egyszer\u0171 f\u00e1tyol mell\u00e9 j\u00f6het hangs\u00falyosabb gy\u00f6ngy\u00f6s hajd\u00edsz, esetleg strasszk\u00f6vekkel kieg\u00e9sz\u00edtve.Gy\u00f6ngy\u00f6s f\u00e1tyol mell\u00e9 szebb a finomabb, kisebb hajt\u0171 vagy visszafogott haj\u00e9kszer. A Pearl &amp; Lace 2026-os menyasszonyi kieg\u00e9sz\u00edt\u0151trendjei k\u00f6z\u00f6tt a barokk gy\u00f6ngy\u00f6k, modern form\u00e1k, aszimmetrikus r\u00e9szletek \u00e9s kifinomult gy\u00f6ngy\u00f6s \u00e9kszerek is megjelennek, ami j\u00f3l mutatja, hogy a gy\u00f6ngy ma m\u00e1r nem csak klasszikus, hanem modern menyasszonyi v\u00e1laszt\u00e1s is lehet. Ujjatlan ruha mell\u00e9 k\u00fcl\u00f6n\u00f6sen fontosak a haj- \u00e9s \u00e9kszerr\u00e9szletek Ny\u00e1ron sok menyasszony v\u00e1laszt ujjatlan, spagettip\u00e1ntos, v\u00e1llat szabadon hagy\u00f3 vagy m\u00e9lyebb kiv\u00e1g\u00e1s\u00fa ruh\u00e1t. Ezek gy\u00f6ny\u00f6r\u0171en m\u0171k\u00f6dnek a melegben, de van egy fontos st\u00edlusbeli hat\u00e1suk: t\u00f6bb figyelem ker\u00fcl a nyakra, v\u00e1llra, arcra \u00e9s hajra. Ilyenkor a hajd\u00edsz m\u00e1r nem csak apr\u00f3 kieg\u00e9sz\u00edt\u0151. A teljes megjelen\u00e9s egyik k\u00f6zponti eleme lesz. Egy ujjatlan ruha mellett a gy\u00f6ngy\u00f6s hajd\u00edsz seg\u00edt kiegyens\u00falyozni az \u00f6sszhat\u00e1st. Ha a ruha letisztult, a hajban l\u00e9v\u0151 gy\u00f6ngy\u00f6k adnak neki finom \u00fcnnep\u00e9lyess\u00e9get. Ha a ruha romantikusabb, a gy\u00f6ngy\u00f6s haj\u00e9kszer sz\u00e9pen tov\u00e1bbviszi ezt a hangulatot. Ez k\u00fcl\u00f6n\u00f6sen j\u00f3l m\u0171k\u00f6dik: K\u00e9t plusz \u00e9rv, ami\u00e9rt \u00e9rdemes gy\u00f6ngy\u00f6s hajd\u00edszt v\u00e1lasztani 1. A gy\u00f6ngy j\u00f3l mutat a fot\u00f3kon Egy ny\u00e1ri esk\u00fcv\u0151n a f\u00e9nyek folyamatosan v\u00e1ltoznak: d\u00e9lel\u0151tti k\u00e9sz\u00fcl\u0151d\u00e9s, k\u00fclt\u00e9ri szertart\u00e1s, d\u00e9lut\u00e1ni fot\u00f3z\u00e1s, esti vacsora. A gy\u00f6ngy el\u0151nye, hogy nem \u00e9les, vak\u00edt\u00f3 csillog\u00e1st ad, hanem puha f\u00e9nyt. Ez a fot\u00f3kon nagyon sz\u00e9pen m\u0171k\u00f6dik. K\u00fcl\u00f6n\u00f6sen term\u00e9szetes f\u00e9nyben, arany\u00f3r\u00e1ban, vil\u00e1gos ruh\u00e1kkal \u00e9s finom sminkkel. Ha szeretn\u00e9l olyan r\u00e9szletet, ami k\u00f6zelk\u00e9peken, frizurafot\u00f3kon \u00e9s teljes alakos k\u00e9peken is megjelenik, a gy\u00f6ngy\u00f6s hajd\u00edsz j\u00f3 v\u00e1laszt\u00e1s. 2. A hajd\u00edsz a szertart\u00e1s ut\u00e1n is megmarad A f\u00e1tylat sok menyasszony leveszi a vacsor\u00e1ra vagy a bulira. A hajd\u00edsz viszont maradhat. Ez\u00e9rt praktikus is: akkor is ad \u00fcnnepi r\u00e9szletet a frizur\u00e1nak, amikor a f\u00e1tyol m\u00e1r nincs rajtad. Egy j\u00f3l kiv\u00e1lasztott gy\u00f6ngy hajt\u0171 vagy hajf\u00e9s\u0171 v\u00e9gigk\u00eds\u00e9rheti az eg\u00e9sz napot: a k\u00e9sz\u00fcl\u0151d\u00e9st\u0151l a szertart\u00e1son \u00e1t az esti t\u00e1ncig. S\u0151t, k\u00e9s\u0151bb m\u00e1s alkalmakra is el\u0151veheted: \u00e9vfordul\u00f3s fot\u00f3z\u00e1sra, eleg\u00e1ns esem\u00e9nyre vagy ak\u00e1r csal\u00e1di \u00fcnnepre. Ez\u00e9rt nem egyszer haszn\u00e1latos r\u00e9szletk\u00e9nt \u00e9rdemes gondolni r\u00e1, hanem olyan kieg\u00e9sz\u00edt\u0151k\u00e9nt, ami hosszabb t\u00e1von is eml\u00e9ket \u00e9s \u00e9rt\u00e9ket hordoz. Tal\u00e1ld meg a ny\u00e1ri menyasszonyi hajd\u00edszed A ny\u00e1ri menyasszonyi st\u00edlus akkor igaz\u00e1n sz\u00e9p, ha k\u00f6nnyed, szem\u00e9lyes \u00e9s harmonikus. A gy\u00f6ngy\u00f6s hajd\u00edsz pontosan ezt adja hozz\u00e1: finom f\u00e9nyt, eleganci\u00e1t \u00e9s egy olyan r\u00e9szletet, ami nem nyomja el a ruh\u00e1t, hanem teljess\u00e9 teszi a megjelen\u00e9st. Ak\u00e1r f\u00e1tyollal viseled, ak\u00e1r an\u00e9lk\u00fcl, ak\u00e1r kontyhoz, f\u00e9lkontyhoz vagy hull\u00e1mos frizur\u00e1hoz v\u00e1lasztod, a gy\u00f6ngy id\u0151t\u00e1ll\u00f3 \u00e9s n\u0151ies megold\u00e1s. N\u00e9zd meg a k\u00e9zzel k\u00e9sz\u00fclt gy\u00f6ngy\u00f6s menyasszonyi hajd\u00edszeket, \u00e9s tal\u00e1ld meg azt a darabot, amelyik a te ny\u00e1ri esk\u00fcv\u0151i st\u00edlusodhoz illik. Forr\u00e1sok A cikk saj\u00e1t megfogalmaz\u00e1sban k\u00e9sz\u00fclt. A menyasszonyi kieg\u00e9sz\u00edt\u0151trendekkel kapcsolatos h\u00e1tt\u00e9rinform\u00e1ci\u00f3k nyilv\u00e1nosan el\u00e9rhet\u0151 forr\u00e1sokon alapulnak: Rebecca Anne Designs \u2013 2026 bridal veil trends; Pearl &amp; Lace \u2013 Bridal Accessories Trends for 2026. A cikk nem tartalmaz sz\u00f3 szerint \u00e1tvett id\u00e9zetet.<\/p>","protected":false},"author":1,"featured_media":1531,"comment_status":"closed","ping_status":"open","sticky":false,"template":"","format":"standard","meta":{"_jetpack_newsletter_access":"","_jetpack_dont_email_post_to_subs":false,"_jetpack_newsletter_tier_id":0,"_jetpack_memberships_contains_paywalled_content":false,"_jetpack_feature_clip_id":0,"_jetpack_memberships_contains_paid_content":false,"footnotes":"","jetpack_post_was_ever_published":false},"categories":[536,1,34],"tags":[785,781,532,780,779,783,788,784,782,534,778,777,786,787],"class_list":["post-1317","post","type-post","status-publish","format-standard","has-post-thumbnail","hentry","category-ekszer-utmutatok","category-inspiracio","category-inspiracio-menyasszonyoknak","tag-edesvizi-gyongy-hajdisz","tag-eskuvoi-hajdisz","tag-gyongyos-hajdisz","tag-gyongyos-hajfesu","tag-gyongyos-hajtu","tag-hajdisz-fatyolhoz","tag-kezzel-keszult-hajdisz","tag-kontydisz-menyasszonyoknak","tag-menyasszonyi-frizura-nyarra","tag-menyasszonyi-hajdisz","tag-menyasszonyi-hajtu","tag-nyari-eskuvoi-inspiracio","tag-nyari-menyasszony","tag-ujjatlan-menyasszonyi-ruha"],"yoast_head":"<!-- This site is optimized with the Yoast SEO plugin v28.4 - https:\/\/yoast.com\/product\/yoast-seo-wordpress\/ -->\n<title>Ny\u00e1ri esk\u00fcv\u0151i inspir\u00e1ci\u00f3: \u00edgy viselj gy\u00f6ngy\u00f6s hajd\u00edszt ny\u00e1ron | marad\u00f3.<\/title>\n<meta name=\"description\" content=\"Ny\u00e1ri esk\u00fcv\u0151i inspir\u00e1ci\u00f3: \u00edgy viselj gy\u00f6ngy\u00f6s hajd\u00edszt ny\u00e1ron | marad\u00f3.\" \/>\n<meta name=\"robots\" content=\"index, follow, max-snippet:-1, max-image-preview:large, max-video-preview:-1\" \/>\n<link rel=\"canonical\" href=\"https:\/\/marado.hu\/en\/igy-viselj-gyongyos-hajdiszt-nyaron\/\" \/>\n<meta property=\"og:locale\" content=\"en_US\" \/>\n<meta property=\"og:type\" content=\"article\" \/>\n<meta property=\"og:title\" content=\"Ny\u00e1ri esk\u00fcv\u0151i inspir\u00e1ci\u00f3: \u00edgy viselj gy\u00f6ngy\u00f6s hajd\u00edszt ny\u00e1ron | marad\u00f3.\" \/>\n<meta property=\"og:description\" content=\"Ny\u00e1ri esk\u00fcv\u0151i inspir\u00e1ci\u00f3: \u00edgy viselj gy\u00f6ngy\u00f6s hajd\u00edszt ny\u00e1ron | marad\u00f3.\" \/>\n<meta property=\"og:url\" content=\"https:\/\/marado.hu\/en\/igy-viselj-gyongyos-hajdiszt-nyaron\/\" \/>\n<meta property=\"og:site_name\" content=\"marad\u00f3.\" \/>\n<meta property=\"article:publisher\" content=\"https:\/\/www.facebook.com\/profile.php?id=61583774536538\" \/>\n<meta property=\"article:published_time\" content=\"2026-06-11T12:36:59+00:00\" \/>\n<meta property=\"article:modified_time\" content=\"2026-06-11T12:37:00+00:00\" \/>\n<meta property=\"og:image\" content=\"https:\/\/marado.hu\/wp-content\/uploads\/2026\/06\/46.png\" \/>\n\t<meta property=\"og:image:width\" content=\"1000\" \/>\n\t<meta property=\"og:image:height\" content=\"1500\" \/>\n\t<meta property=\"og:image:type\" content=\"image\/png\" \/>\n<meta name=\"author\" content=\"adminMarado\" \/>\n<meta name=\"twitter:card\" content=\"summary_large_image\" \/>\n<meta name=\"twitter:label1\" content=\"Written by\" \/>\n\t<meta name=\"twitter:data1\" content=\"adminMarado\" \/>\n\t<meta name=\"twitter:label2\" content=\"Est. reading time\" \/>\n\t<meta name=\"twitter:data2\" content=\"5 minutes\" \/>\n<script type=\"application\/ld+json\" class=\"yoast-schema-graph\">{\"@context\":\"https:\\\/\\\/schema.org\",\"@graph\":[{\"@type\":\"Article\",\"@id\":\"https:\\\/\\\/marado.hu\\\/igy-viselj-gyongyos-hajdiszt-nyaron\\\/#article\",\"isPartOf\":{\"@id\":\"https:\\\/\\\/marado.hu\\\/igy-viselj-gyongyos-hajdiszt-nyaron\\\/\"},\"author\":{\"name\":\"adminMarado\",\"@id\":\"https:\\\/\\\/marado.hu\\\/#\\\/schema\\\/person\\\/2e4bb3fc7e673b4ad9b16953c9457762\"},\"headline\":\"Ny\u00e1ri esk\u00fcv\u0151i inspir\u00e1ci\u00f3: \u00edgy viselj gy\u00f6ngy\u00f6s hajd\u00edszt ny\u00e1ron\",\"datePublished\":\"2026-06-11T12:36:59+00:00\",\"dateModified\":\"2026-06-11T12:37:00+00:00\",\"mainEntityOfPage\":{\"@id\":\"https:\\\/\\\/marado.hu\\\/igy-viselj-gyongyos-hajdiszt-nyaron\\\/\"},\"wordCount\":1339,\"publisher\":{\"@id\":\"https:\\\/\\\/marado.hu\\\/#organization\"},\"image\":{\"@id\":\"https:\\\/\\\/marado.hu\\\/igy-viselj-gyongyos-hajdiszt-nyaron\\\/#primaryimage\"},\"thumbnailUrl\":\"https:\\\/\\\/marado.hu\\\/wp-content\\\/uploads\\\/2026\\\/06\\\/46.png\",\"keywords\":[\"\u00e9desv\u00edzi gy\u00f6ngy hajd\u00edsz\",\"esk\u00fcv\u0151i hajd\u00edsz\",\"gy\u00f6ngy\u00f6s hajd\u00edsz\",\"gy\u00f6ngy\u00f6s hajf\u00e9s\u0171\",\"gy\u00f6ngy\u00f6s hajt\u0171\",\"hajd\u00edsz f\u00e1tyolhoz\",\"k\u00e9zzel k\u00e9sz\u00fclt hajd\u00edsz\",\"kontyd\u00edsz menyasszonyoknak\",\"menyasszonyi frizura ny\u00e1rra\",\"menyasszonyi hajd\u00edsz\",\"menyasszonyi hajt\u0171\",\"ny\u00e1ri esk\u00fcv\u0151i inspir\u00e1ci\u00f3\",\"ny\u00e1ri menyasszony\",\"ujjatlan menyasszonyi ruha\"],\"articleSection\":[\"\u00c9kszer-\u00fatmutat\u00f3k\",\"Inspir\u00e1ci\u00f3\",\"Inspir\u00e1ci\u00f3 menyasszonyoknak\"],\"inLanguage\":\"en-US\"},{\"@type\":\"WebPage\",\"@id\":\"https:\\\/\\\/marado.hu\\\/igy-viselj-gyongyos-hajdiszt-nyaron\\\/\",\"url\":\"https:\\\/\\\/marado.hu\\\/igy-viselj-gyongyos-hajdiszt-nyaron\\\/\",\"name\":\"Ny\u00e1ri esk\u00fcv\u0151i inspir\u00e1ci\u00f3: \u00edgy viselj gy\u00f6ngy\u00f6s hajd\u00edszt ny\u00e1ron | marad\u00f3.\",\"isPartOf\":{\"@id\":\"https:\\\/\\\/marado.hu\\\/#website\"},\"primaryImageOfPage\":{\"@id\":\"https:\\\/\\\/marado.hu\\\/igy-viselj-gyongyos-hajdiszt-nyaron\\\/#primaryimage\"},\"image\":{\"@id\":\"https:\\\/\\\/marado.hu\\\/igy-viselj-gyongyos-hajdiszt-nyaron\\\/#primaryimage\"},\"thumbnailUrl\":\"https:\\\/\\\/marado.hu\\\/wp-content\\\/uploads\\\/2026\\\/06\\\/46.png\",\"datePublished\":\"2026-06-11T12:36:59+00:00\",\"dateModified\":\"2026-06-11T12:37:00+00:00\",\"description\":\"Ny\u00e1ri esk\u00fcv\u0151i inspir\u00e1ci\u00f3: \u00edgy viselj gy\u00f6ngy\u00f6s hajd\u00edszt ny\u00e1ron | marad\u00f3.\",\"breadcrumb\":{\"@id\":\"https:\\\/\\\/marado.hu\\\/igy-viselj-gyongyos-hajdiszt-nyaron\\\/#breadcrumb\"},\"inLanguage\":\"en-US\",\"potentialAction\":[{\"@type\":\"ReadAction\",\"target\":[\"https:\\\/\\\/marado.hu\\\/igy-viselj-gyongyos-hajdiszt-nyaron\\\/\"]}]},{\"@type\":\"ImageObject\",\"inLanguage\":\"en-US\",\"@id\":\"https:\\\/\\\/marado.hu\\\/igy-viselj-gyongyos-hajdiszt-nyaron\\\/#primaryimage\",\"url\":\"https:\\\/\\\/marado.hu\\\/wp-content\\\/uploads\\\/2026\\\/06\\\/46.png\",\"contentUrl\":\"https:\\\/\\\/marado.hu\\\/wp-content\\\/uploads\\\/2026\\\/06\\\/46.png\",\"width\":1000,\"height\":1500},{\"@type\":\"BreadcrumbList\",\"@id\":\"https:\\\/\\\/marado.hu\\\/igy-viselj-gyongyos-hajdiszt-nyaron\\\/#breadcrumb\",\"itemListElement\":[{\"@type\":\"ListItem\",\"position\":1,\"name\":\"Kezd\u0151lap\",\"item\":\"https:\\\/\\\/marado.hu\\\/\"},{\"@type\":\"ListItem\",\"position\":2,\"name\":\"Ny\u00e1ri esk\u00fcv\u0151i inspir\u00e1ci\u00f3: \u00edgy viselj gy\u00f6ngy\u00f6s hajd\u00edszt ny\u00e1ron\"}]},{\"@type\":\"WebSite\",\"@id\":\"https:\\\/\\\/marado.hu\\\/#website\",\"url\":\"https:\\\/\\\/marado.hu\\\/\",\"name\":\"marad\u00f3.\",\"description\":\"marad\u00f3. | mert van, ami \u00f6r\u00f6k\",\"publisher\":{\"@id\":\"https:\\\/\\\/marado.hu\\\/#organization\"},\"potentialAction\":[{\"@type\":\"SearchAction\",\"target\":{\"@type\":\"EntryPoint\",\"urlTemplate\":\"https:\\\/\\\/marado.hu\\\/?s={search_term_string}\"},\"query-input\":{\"@type\":\"PropertyValueSpecification\",\"valueRequired\":true,\"valueName\":\"search_term_string\"}}],\"inLanguage\":\"en-US\"},{\"@type\":\"Organization\",\"@id\":\"https:\\\/\\\/marado.hu\\\/#organization\",\"name\":\"marad\u00f3.\",\"url\":\"https:\\\/\\\/marado.hu\\\/\",\"logo\":{\"@type\":\"ImageObject\",\"inLanguage\":\"en-US\",\"@id\":\"https:\\\/\\\/marado.hu\\\/#\\\/schema\\\/logo\\\/image\\\/\",\"url\":\"https:\\\/\\\/marado.hu\\\/wp-content\\\/uploads\\\/2026\\\/02\\\/2.png\",\"contentUrl\":\"https:\\\/\\\/marado.hu\\\/wp-content\\\/uploads\\\/2026\\\/02\\\/2.png\",\"width\":2000,\"height\":2000,\"caption\":\"marad\u00f3.\"},\"image\":{\"@id\":\"https:\\\/\\\/marado.hu\\\/#\\\/schema\\\/logo\\\/image\\\/\"},\"sameAs\":[\"https:\\\/\\\/www.facebook.com\\\/profile.php?id=61583774536538\",\"https:\\\/\\\/pinterest.com\\\/maradostyle\",\"https:\\\/\\\/instagram.com\\\/maradostyle\"]},{\"@type\":\"Person\",\"@id\":\"https:\\\/\\\/marado.hu\\\/#\\\/schema\\\/person\\\/2e4bb3fc7e673b4ad9b16953c9457762\",\"name\":\"adminMarado\",\"sameAs\":[\"https:\\\/\\\/marado.hu\"],\"url\":\"https:\\\/\\\/marado.hu\\\/en\\\/author\\\/adminmarado\\\/\"}]}<\/script>\n<!-- \/ Yoast SEO plugin. -->","yoast_head_json":{"title":"Ny\u00e1ri esk\u00fcv\u0151i inspir\u00e1ci\u00f3: \u00edgy viselj gy\u00f6ngy\u00f6s hajd\u00edszt ny\u00e1ron | marad\u00f3.","description":"Ny\u00e1ri esk\u00fcv\u0151i inspir\u00e1ci\u00f3: \u00edgy viselj gy\u00f6ngy\u00f6s hajd\u00edszt ny\u00e1ron | marad\u00f3.","robots":{"index":"index","follow":"follow","max-snippet":"max-snippet:-1","max-image-preview":"max-image-preview:large","max-video-preview":"max-video-preview:-1"},"canonical":"https:\/\/marado.hu\/en\/igy-viselj-gyongyos-hajdiszt-nyaron\/","og_locale":"en_US","og_type":"article","og_title":"Ny\u00e1ri esk\u00fcv\u0151i inspir\u00e1ci\u00f3: \u00edgy viselj gy\u00f6ngy\u00f6s hajd\u00edszt ny\u00e1ron | marad\u00f3.","og_description":"Ny\u00e1ri esk\u00fcv\u0151i inspir\u00e1ci\u00f3: \u00edgy viselj gy\u00f6ngy\u00f6s hajd\u00edszt ny\u00e1ron | marad\u00f3.","og_url":"https:\/\/marado.hu\/en\/igy-viselj-gyongyos-hajdiszt-nyaron\/","og_site_name":"marad\u00f3.","article_publisher":"https:\/\/www.facebook.com\/profile.php?id=61583774536538","article_published_time":"2026-06-11T12:36:59+00:00","article_modified_time":"2026-06-11T12:37:00+00:00","og_image":[{"width":1000,"height":1500,"url":"https:\/\/marado.hu\/wp-content\/uploads\/2026\/06\/46.png","type":"image\/png"}],"author":"adminMarado","twitter_card":"summary_large_image","twitter_misc":{"Written by":"adminMarado","Est. reading time":"5 minutes"},"schema":{"@context":"https:\/\/schema.org","@graph":[{"@type":"Article","@id":"https:\/\/marado.hu\/igy-viselj-gyongyos-hajdiszt-nyaron\/#article","isPartOf":{"@id":"https:\/\/marado.hu\/igy-viselj-gyongyos-hajdiszt-nyaron\/"},"author":{"name":"adminMarado","@id":"https:\/\/marado.hu\/#\/schema\/person\/2e4bb3fc7e673b4ad9b16953c9457762"},"headline":"Ny\u00e1ri esk\u00fcv\u0151i inspir\u00e1ci\u00f3: \u00edgy viselj gy\u00f6ngy\u00f6s hajd\u00edszt ny\u00e1ron","datePublished":"2026-06-11T12:36:59+00:00","dateModified":"2026-06-11T12:37:00+00:00","mainEntityOfPage":{"@id":"https:\/\/marado.hu\/igy-viselj-gyongyos-hajdiszt-nyaron\/"},"wordCount":1339,"publisher":{"@id":"https:\/\/marado.hu\/#organization"},"image":{"@id":"https:\/\/marado.hu\/igy-viselj-gyongyos-hajdiszt-nyaron\/#primaryimage"},"thumbnailUrl":"https:\/\/marado.hu\/wp-content\/uploads\/2026\/06\/46.png","keywords":["\u00e9desv\u00edzi gy\u00f6ngy hajd\u00edsz","esk\u00fcv\u0151i hajd\u00edsz","gy\u00f6ngy\u00f6s hajd\u00edsz","gy\u00f6ngy\u00f6s hajf\u00e9s\u0171","gy\u00f6ngy\u00f6s hajt\u0171","hajd\u00edsz f\u00e1tyolhoz","k\u00e9zzel k\u00e9sz\u00fclt hajd\u00edsz","kontyd\u00edsz menyasszonyoknak","menyasszonyi frizura ny\u00e1rra","menyasszonyi hajd\u00edsz","menyasszonyi hajt\u0171","ny\u00e1ri esk\u00fcv\u0151i inspir\u00e1ci\u00f3","ny\u00e1ri menyasszony","ujjatlan menyasszonyi ruha"],"articleSection":["\u00c9kszer-\u00fatmutat\u00f3k","Inspir\u00e1ci\u00f3","Inspir\u00e1ci\u00f3 menyasszonyoknak"],"inLanguage":"en-US"},{"@type":"WebPage","@id":"https:\/\/marado.hu\/igy-viselj-gyongyos-hajdiszt-nyaron\/","url":"https:\/\/marado.hu\/igy-viselj-gyongyos-hajdiszt-nyaron\/","name":"Ny\u00e1ri esk\u00fcv\u0151i inspir\u00e1ci\u00f3: \u00edgy viselj gy\u00f6ngy\u00f6s hajd\u00edszt ny\u00e1ron | marad\u00f3.","isPartOf":{"@id":"https:\/\/marado.hu\/#website"},"primaryImageOfPage":{"@id":"https:\/\/marado.hu\/igy-viselj-gyongyos-hajdiszt-nyaron\/#primaryimage"},"image":{"@id":"https:\/\/marado.hu\/igy-viselj-gyongyos-hajdiszt-nyaron\/#primaryimage"},"thumbnailUrl":"https:\/\/marado.hu\/wp-content\/uploads\/2026\/06\/46.png","datePublished":"2026-06-11T12:36:59+00:00","dateModified":"2026-06-11T12:37:00+00:00","description":"Ny\u00e1ri esk\u00fcv\u0151i inspir\u00e1ci\u00f3: \u00edgy viselj gy\u00f6ngy\u00f6s hajd\u00edszt ny\u00e1ron | marad\u00f3.","breadcrumb":{"@id":"https:\/\/marado.hu\/igy-viselj-gyongyos-hajdiszt-nyaron\/#breadcrumb"},"inLanguage":"en-US","potentialAction":[{"@type":"ReadAction","target":["https:\/\/marado.hu\/igy-viselj-gyongyos-hajdiszt-nyaron\/"]}]},{"@type":"ImageObject","inLanguage":"en-US","@id":"https:\/\/marado.hu\/igy-viselj-gyongyos-hajdiszt-nyaron\/#primaryimage","url":"https:\/\/marado.hu\/wp-content\/uploads\/2026\/06\/46.png","contentUrl":"https:\/\/marado.hu\/wp-content\/uploads\/2026\/06\/46.png","width":1000,"height":1500},{"@type":"BreadcrumbList","@id":"https:\/\/marado.hu\/igy-viselj-gyongyos-hajdiszt-nyaron\/#breadcrumb","itemListElement":[{"@type":"ListItem","position":1,"name":"Kezd\u0151lap","item":"https:\/\/marado.hu\/"},{"@type":"ListItem","position":2,"name":"Ny\u00e1ri esk\u00fcv\u0151i inspir\u00e1ci\u00f3: \u00edgy viselj gy\u00f6ngy\u00f6s hajd\u00edszt ny\u00e1ron"}]},{"@type":"WebSite","@id":"https:\/\/marado.hu\/#website","url":"https:\/\/marado.hu\/","name":"marad\u00f3.","description":"marad\u00f3. | some things are eternal","publisher":{"@id":"https:\/\/marado.hu\/#organization"},"potentialAction":[{"@type":"SearchAction","target":{"@type":"EntryPoint","urlTemplate":"https:\/\/marado.hu\/?s={search_term_string}"},"query-input":{"@type":"PropertyValueSpecification","valueRequired":true,"valueName":"search_term_string"}}],"inLanguage":"en-US"},{"@type":"Organization","@id":"https:\/\/marado.hu\/#organization","name":"marad\u00f3.","url":"https:\/\/marado.hu\/","logo":{"@type":"ImageObject","inLanguage":"en-US","@id":"https:\/\/marado.hu\/#\/schema\/logo\/image\/","url":"https:\/\/marado.hu\/wp-content\/uploads\/2026\/02\/2.png","contentUrl":"https:\/\/marado.hu\/wp-content\/uploads\/2026\/02\/2.png","width":2000,"height":2000,"caption":"marad\u00f3."},"image":{"@id":"https:\/\/marado.hu\/#\/schema\/logo\/image\/"},"sameAs":["https:\/\/www.facebook.com\/profile.php?id=61583774536538","https:\/\/pinterest.com\/maradostyle","https:\/\/instagram.com\/maradostyle"]},{"@type":"Person","@id":"https:\/\/marado.hu\/#\/schema\/person\/2e4bb3fc7e673b4ad9b16953c9457762","name":"adminMarado","sameAs":["https:\/\/marado.hu"],"url":"https:\/\/marado.hu\/en\/author\/adminmarado\/"}]}},"jetpack_sharing_enabled":true,"jetpack_featured_media_url":"https:\/\/marado.hu\/wp-content\/uploads\/2026\/06\/46.png","_links":{"self":[{"href":"https:\/\/marado.hu\/en\/wp-json\/wp\/v2\/posts\/1317","targetHints":{"allow":["GET"]}}],"collection":[{"href":"https:\/\/marado.hu\/en\/wp-json\/wp\/v2\/posts"}],"about":[{"href":"https:\/\/marado.hu\/en\/wp-json\/wp\/v2\/types\/post"}],"author":[{"embeddable":true,"href":"https:\/\/marado.hu\/en\/wp-json\/wp\/v2\/users\/1"}],"replies":[{"embeddable":true,"href":"https:\/\/marado.hu\/en\/wp-json\/wp\/v2\/comments?post=1317"}],"version-history":[{"count":2,"href":"https:\/\/marado.hu\/en\/wp-json\/wp\/v2\/posts\/1317\/revisions"}],"predecessor-version":[{"id":1532,"href":"https:\/\/marado.hu\/en\/wp-json\/wp\/v2\/posts\/1317\/revisions\/1532"}],"wp:featuredmedia":[{"embeddable":true,"href":"https:\/\/marado.hu\/en\/wp-json\/wp\/v2\/media\/1531"}],"wp:attachment":[{"href":"https:\/\/marado.hu\/en\/wp-json\/wp\/v2\/media?parent=1317"}],"wp:term":[{"taxonomy":"category","embeddable":true,"href":"https:\/\/marado.hu\/en\/wp-json\/wp\/v2\/categories?post=1317"},{"taxonomy":"post_tag","embeddable":true,"href":"https:\/\/marado.hu\/en\/wp-json\/wp\/v2\/tags?post=1317"}],"curies":[{"name":"wp","href":"https:\/\/api.w.org\/{rel}","templated":true}]}}